{"id":37511,"date":"2023-02-17T09:57:00","date_gmt":"2023-02-17T12:57:00","guid":{"rendered":"https:\/\/www.radiopresidenteibanez.cl\/web\/?p=37511"},"modified":"2023-02-17T14:03:47","modified_gmt":"2023-02-17T17:03:47","slug":"escaner-de-radioterapia-esta-ad-portas-de-ponerse-en-marcha","status":"publish","type":"post","link":"https:\/\/www.radiopresidenteibanez.cl\/web\/escaner-de-radioterapia-esta-ad-portas-de-ponerse-en-marcha\/","title":{"rendered":"Esc\u00e1ner de radioterapia est\u00e1 ad portas de ponerse en marcha"},"content":{"rendered":"\n<p>Despu\u00e9s de 17 a\u00f1os, la Unidad de Radioterapia junto al apoyo de la direcci\u00f3n del Hospital Cl\u00ednico<br>Magallanes y el Gobierno Regional, comienza a prepararse para la inauguraci\u00f3n del nuevo<br>tom\u00f3grafo axial computarizado de \u00faltimo tecnolog\u00eda y 4D.<br>\u201cEn 2019 comenzamos con una l\u00ednea de proyectos de mejora en la Unida de Radioterapia. Primero<br>cambiamos el software de los equipos, luego los inmovilizadores y ahora, el esc\u00e1ner. Esto significa<br>much\u00edsimo porque nos da m\u00e1s independencia para poder hacer los tratamientos y planificaci\u00f3n de<br>nuestros pacientes\u201d, explic\u00f3 la Dra. Paulina Folch, jefa de la Unidad.<br>Con el nuevo equipamiento, el equipo realizar\u00e1 lo que se llama \u201csimulaci\u00f3n\u201d, que consiste en<br>tomarle una imagen al paciente en la posici\u00f3n en la que ser\u00e1 tratado en el acelerador lineal con<br>distintos inmovilizadores. Una vez en la postura, se hacen marcas y con esas im\u00e1genes se realiza la<br>planificaci\u00f3n del tratamiento.<br>Actualmente, el esc\u00e1ner ya cuenta con la aprobaci\u00f3n de Seremi de Salud y se encuentra en<br>posici\u00f3n a la espera de la llegada de las camillas compatibles con el acelerador lineal para iniciar<br>funciones durante marzo. Asimismo, el equipo de la Unidad de Imagenolog\u00eda y Radioterapia ya<br>comenz\u00f3 sus capacitaciones.<br>Finalmente, la Dra. Mar\u00eda Isabel Iduya, directora (s) del Hospital Cl\u00ednico Magallanes enfatiz\u00f3 en la<br>importancia de la llegada de este nuevo equipamiento para la comunidad usuaria. \u201cAnualmente,<br>son cerca de 400 pacientes los que se atienden en la radioterapia y a eso se suman aquellos<\/p>\n\n\n\n<p>usuarios que requieren de una imagen de esc\u00e1ner, porque este ser\u00e1 el backup del TAC de<br>imagenolog\u00eda\u201d, detall\u00f3.<\/p>\n","protected":false},"excerpt":{"rendered":"<p>Despu\u00e9s de 17 a\u00f1os, la Unidad de Radioterapia junto al apoyo de la direcci\u00f3n del Hospital Cl\u00ednicoMagallanes y el Gobierno Regional, comienza a prepararse para la inauguraci\u00f3n del nuevotom\u00f3grafo axial&#8230; <a class=\"read-more\" href=\"https:\/\/www.radiopresidenteibanez.cl\/web\/escaner-de-radioterapia-esta-ad-portas-de-ponerse-en-marcha\/\">Leer m\u00e1s<\/a><\/p>\n","protected":false},"author":2,"featured_media":37512,"comment_status":"closed","ping_status":"closed","sticky":false,"template":"","format":"standard","meta":{"footnotes":""},"categories":[1],"tags":[],"class_list":["post-37511","post","type-post","status-publish","format-standard","has-post-thumbnail","hentry","category-cronica"],"_links":{"self":[{"href":"https:\/\/www.radiopresidenteibanez.cl\/web\/wp-json\/wp\/v2\/posts\/37511","targetHints":{"allow":["GET"]}}],"collection":[{"href":"https:\/\/www.radiopresidenteibanez.cl\/web\/wp-json\/wp\/v2\/posts"}],"about":[{"href":"https:\/\/www.radiopresidenteibanez.cl\/web\/wp-json\/wp\/v2\/types\/post"}],"author":[{"embeddable":true,"href":"https:\/\/www.radiopresidenteibanez.cl\/web\/wp-json\/wp\/v2\/users\/2"}],"replies":[{"embeddable":true,"href":"https:\/\/www.radiopresidenteibanez.cl\/web\/wp-json\/wp\/v2\/comments?post=37511"}],"version-history":[{"count":0,"href":"https:\/\/www.radiopresidenteibanez.cl\/web\/wp-json\/wp\/v2\/posts\/37511\/revisions"}],"wp:featuredmedia":[{"embeddable":true,"href":"https:\/\/www.radiopresidenteibanez.cl\/web\/wp-json\/wp\/v2\/media\/37512"}],"wp:attachment":[{"href":"https:\/\/www.radiopresidenteibanez.cl\/web\/wp-json\/wp\/v2\/media?parent=37511"}],"wp:term":[{"taxonomy":"category","embeddable":true,"href":"https:\/\/www.radiopresidenteibanez.cl\/web\/wp-json\/wp\/v2\/categories?post=37511"},{"taxonomy":"post_tag","embeddable":true,"href":"https:\/\/www.radiopresidenteibanez.cl\/web\/wp-json\/wp\/v2\/tags?post=37511"}],"curies":[{"name":"wp","href":"https:\/\/api.w.org\/{rel}","templated":true}]}}