{"id":37506,"date":"2023-02-16T11:16:00","date_gmt":"2023-02-16T14:16:00","guid":{"rendered":"https:\/\/www.radiopresidenteibanez.cl\/web\/?p=37506"},"modified":"2023-02-16T13:40:43","modified_gmt":"2023-02-16T16:40:43","slug":"no-necesito-silencio-yo-no-tengo-en-que-pensar-tenia-pero-hace-tiempo-ahora-ya-no-pienso-mas-atahualpa-yupanqui","status":"publish","type":"post","link":"https:\/\/www.radiopresidenteibanez.cl\/web\/no-necesito-silencio-yo-no-tengo-en-que-pensar-tenia-pero-hace-tiempo-ahora-ya-no-pienso-mas-atahualpa-yupanqui\/","title":{"rendered":"\u00ab.. No necesito silencio yo no tengo en qu\u00e9 pensar ten\u00eda pero hace tiempo, ahora ya no pienso m\u00e1s..\u00bb Atahualpa Yupanqui"},"content":{"rendered":"\n<p>Hace algunos d\u00edas se cumplieron 70 a\u00f1os desde que, en 1953, un importante sector de trabajadores organizados, en un ejercicio de unidad -que debiera ser profundamente estudiado por quienes hoy tienen al movimiento sindical profundamente dividido &#8211; constituye la Central \u00danica de Trabajadores, presidida por varios a\u00f1os por Clotario Blest Riffo, quien fue injustamente sacado de sus responsabilidades por una sucia maniobra pol\u00edtica de la que se hace completa omisi\u00f3n en la historia, como si no fuera interesante que los trabajadores la conocieran.<br>Esta Central \u00danica deja claramente establecido en su declaraci\u00f3n de principios que \u00abagrupa a las organizaciones de base de la clase trabajadora\u00bb y que es \u00abun instrumento de la lucha para conquistar la emancipaci\u00f3n total de los trabajadores y la transformaci\u00f3n pol\u00edtica de la sociedad\u00bb. Asimismo , y es lo que engrandece el acto de unidad, establece que las organizaciones de base podr\u00e1n ser legales y libres y que trabajar\u00e1 por que siempre prime el acatamiento a las decisiones que democr\u00e1ticamente se acuerden por la mayor\u00eda.<br>Esta Central \u00danica no tiene mucho que ver con la Central Unitaria de Trabajadores constituida en 1988 y que, aunque propone en el punto 6 de su declaraci\u00f3n de principios trabajar por agrupar a todos los trabajadores chilenos en una sola y gran Central, no a dado los pasos en es camino y hoy, a 35 a\u00f1os de su constituci\u00f3n, existen otras 3 centrales sindicales legales y una cuarta que no se ha legalizado seg\u00fan las normas vigentes.<br>Por ahora la unidad seguir\u00e1 siendo un anhelo lejano que s\u00ed logr\u00f3 concretar la Central \u00danica.<\/p>\n\n\n\n<p>2.- En su constituci\u00f3n la Central \u00danica no se desgast\u00f3 en construir una extensa plataforma de lucha, dej\u00f3 claro que \u00abpara enfrentar al r\u00e9gimen capitalista realizar\u00e1 una acci\u00f3n reivindicativa orientada en los principios de clase, conservando su plena independencia respecto de los organismos gubernamentales y partidos pol\u00edticos\u00bb.<br>La Central Unitaria no solo elabor\u00f3 una extensa plataforma de lucha que no se ha esforzado en concretar sino que, con su anuencia u omisi\u00f3n, ha facilitado la imposici\u00f3n de los gobiernos de normas y leyes contrarias al bienestar de los trabajadores. Saque cada quien sus conclusiones tomando en cuenta la historia de ambas organizaciones.<br>Es muy claro que no son lo mismo.<\/p>\n","protected":false},"excerpt":{"rendered":"<p>Hace algunos d\u00edas se cumplieron 70 a\u00f1os desde que, en 1953, un importante sector de trabajadores organizados, en un ejercicio de unidad -que debiera ser profundamente estudiado por quienes hoy&#8230; <a class=\"read-more\" href=\"https:\/\/www.radiopresidenteibanez.cl\/web\/no-necesito-silencio-yo-no-tengo-en-que-pensar-tenia-pero-hace-tiempo-ahora-ya-no-pienso-mas-atahualpa-yupanqui\/\">Leer m\u00e1s<\/a><\/p>\n","protected":false},"author":2,"featured_media":37507,"comment_status":"closed","ping_status":"closed","sticky":false,"template":"","format":"standard","meta":{"footnotes":""},"categories":[1],"tags":[],"class_list":["post-37506","post","type-post","status-publish","format-standard","has-post-thumbnail","hentry","category-cronica"],"_links":{"self":[{"href":"https:\/\/www.radiopresidenteibanez.cl\/web\/wp-json\/wp\/v2\/posts\/37506","targetHints":{"allow":["GET"]}}],"collection":[{"href":"https:\/\/www.radiopresidenteibanez.cl\/web\/wp-json\/wp\/v2\/posts"}],"about":[{"href":"https:\/\/www.radiopresidenteibanez.cl\/web\/wp-json\/wp\/v2\/types\/post"}],"author":[{"embeddable":true,"href":"https:\/\/www.radiopresidenteibanez.cl\/web\/wp-json\/wp\/v2\/users\/2"}],"replies":[{"embeddable":true,"href":"https:\/\/www.radiopresidenteibanez.cl\/web\/wp-json\/wp\/v2\/comments?post=37506"}],"version-history":[{"count":0,"href":"https:\/\/www.radiopresidenteibanez.cl\/web\/wp-json\/wp\/v2\/posts\/37506\/revisions"}],"wp:featuredmedia":[{"embeddable":true,"href":"https:\/\/www.radiopresidenteibanez.cl\/web\/wp-json\/wp\/v2\/media\/37507"}],"wp:attachment":[{"href":"https:\/\/www.radiopresidenteibanez.cl\/web\/wp-json\/wp\/v2\/media?parent=37506"}],"wp:term":[{"taxonomy":"category","embeddable":true,"href":"https:\/\/www.radiopresidenteibanez.cl\/web\/wp-json\/wp\/v2\/categories?post=37506"},{"taxonomy":"post_tag","embeddable":true,"href":"https:\/\/www.radiopresidenteibanez.cl\/web\/wp-json\/wp\/v2\/tags?post=37506"}],"curies":[{"name":"wp","href":"https:\/\/api.w.org\/{rel}","templated":true}]}}