{"id":37491,"date":"2023-02-16T10:20:00","date_gmt":"2023-02-16T13:20:00","guid":{"rendered":"https:\/\/www.radiopresidenteibanez.cl\/web\/?p=37491"},"modified":"2023-02-16T13:24:03","modified_gmt":"2023-02-16T16:24:03","slug":"cft-de-magallanes-ofrecera-asesoria-gratuita-a-quienes-deseen-postular-a-becas-y-beneficios-del-ministerio-de-educacion","status":"publish","type":"post","link":"https:\/\/www.radiopresidenteibanez.cl\/web\/cft-de-magallanes-ofrecera-asesoria-gratuita-a-quienes-deseen-postular-a-becas-y-beneficios-del-ministerio-de-educacion\/","title":{"rendered":"<strong>CFT de Magallanes ofrecer\u00e1 asesor\u00eda gratuita a quienes deseen postular a becas y beneficios del Ministerio de Educaci\u00f3n<\/strong>"},"content":{"rendered":"\n<p>Este 16 de febrero se inici\u00f3 un nuevo proceso de postulaci\u00f3n a las becas y beneficios que ofrece el Ministerio de Educaci\u00f3n para acceder a la educaci\u00f3n superior, proceso que se realiza a trav\u00e9s de internet y que suele dejar a interesados en el camino, ya que no logran llenar los datos de manera oportuna o correcta.<\/p>\n\n\n\n<p>Por lo anterior, el CFT de Magallanes ofrecer\u00e1 asesor\u00eda a las personas que deseen acceder a dichos beneficios, a fin de que puedan tener claridad paso a paso de la postulaci\u00f3n, independiente que deseen o no matricularse en alguna de las 7 carreras que dispone para este 2023 el centro de formaci\u00f3n t\u00e9cnica regional.<\/p>\n\n\n\n<p>\u201cExisten cerca de 19 beneficios a los que se pueden acceder, y los requisitos var\u00edan entre uno y otro, ya que cada beca tiene un requisito espec\u00edfico. Lo m\u00e1s importante tener el registro social de hogares y tener un promedio m\u00ednimo de notas\u201d, explic\u00f3 la jefa de Admisi\u00f3n del CFT, Cristina Leal.<\/p>\n\n\n\n<p>Invit\u00f3 a las y los interesados a acercarse en horario de oficina a alguna de las sedes del CFT: en Porvenir en calle Francisco Sampaio 580, y en Punta Arenas en calle Ignacio Carrera Pinto 864, o bien, agendar una entrevista al whatsapp +56941382777. Las y los postulantes solo deben contar con su c\u00e9dula de identidad para postular a cualquier beneficio.<\/p>\n","protected":false},"excerpt":{"rendered":"<p>Este 16 de febrero se inici\u00f3 un nuevo proceso de postulaci\u00f3n a las becas y beneficios que ofrece el Ministerio de Educaci\u00f3n para acceder a la educaci\u00f3n superior, proceso que&#8230; <a class=\"read-more\" href=\"https:\/\/www.radiopresidenteibanez.cl\/web\/cft-de-magallanes-ofrecera-asesoria-gratuita-a-quienes-deseen-postular-a-becas-y-beneficios-del-ministerio-de-educacion\/\">Leer m\u00e1s<\/a><\/p>\n","protected":false},"author":2,"featured_media":37492,"comment_status":"closed","ping_status":"closed","sticky":false,"template":"","format":"standard","meta":{"footnotes":""},"categories":[1],"tags":[],"class_list":["post-37491","post","type-post","status-publish","format-standard","has-post-thumbnail","hentry","category-cronica"],"_links":{"self":[{"href":"https:\/\/www.radiopresidenteibanez.cl\/web\/wp-json\/wp\/v2\/posts\/37491","targetHints":{"allow":["GET"]}}],"collection":[{"href":"https:\/\/www.radiopresidenteibanez.cl\/web\/wp-json\/wp\/v2\/posts"}],"about":[{"href":"https:\/\/www.radiopresidenteibanez.cl\/web\/wp-json\/wp\/v2\/types\/post"}],"author":[{"embeddable":true,"href":"https:\/\/www.radiopresidenteibanez.cl\/web\/wp-json\/wp\/v2\/users\/2"}],"replies":[{"embeddable":true,"href":"https:\/\/www.radiopresidenteibanez.cl\/web\/wp-json\/wp\/v2\/comments?post=37491"}],"version-history":[{"count":0,"href":"https:\/\/www.radiopresidenteibanez.cl\/web\/wp-json\/wp\/v2\/posts\/37491\/revisions"}],"wp:featuredmedia":[{"embeddable":true,"href":"https:\/\/www.radiopresidenteibanez.cl\/web\/wp-json\/wp\/v2\/media\/37492"}],"wp:attachment":[{"href":"https:\/\/www.radiopresidenteibanez.cl\/web\/wp-json\/wp\/v2\/media?parent=37491"}],"wp:term":[{"taxonomy":"category","embeddable":true,"href":"https:\/\/www.radiopresidenteibanez.cl\/web\/wp-json\/wp\/v2\/categories?post=37491"},{"taxonomy":"post_tag","embeddable":true,"href":"https:\/\/www.radiopresidenteibanez.cl\/web\/wp-json\/wp\/v2\/tags?post=37491"}],"curies":[{"name":"wp","href":"https:\/\/api.w.org\/{rel}","templated":true}]}}