{"id":37488,"date":"2023-02-16T09:17:00","date_gmt":"2023-02-16T12:17:00","guid":{"rendered":"https:\/\/www.radiopresidenteibanez.cl\/web\/?p=37488"},"modified":"2023-02-16T13:20:29","modified_gmt":"2023-02-16T16:20:29","slug":"con-mucha-alegria-se-realizo-el-cierre-del-programa-centro-de-cuidados-2023-en-natales","status":"publish","type":"post","link":"https:\/\/www.radiopresidenteibanez.cl\/web\/con-mucha-alegria-se-realizo-el-cierre-del-programa-centro-de-cuidados-2023-en-natales\/","title":{"rendered":"CON MUCHA ALEGR\u00cdA SE REALIZ\u00d3 EL CIERRE DEL PROGRAMA CENTRO DE CUIDADOS 2023 EN NATALES"},"content":{"rendered":"\n<p>Con una hermosa jornada de deporte y expresiones art\u00edsticas se vivi\u00f3 la ma\u00f1ana del lunes 13 de febrero el cierre del Programa de Trabajos de temporada, centro de cuidados 2023, m\u00e1s conocidos en la comuna de Natales como Colonias de Verano en la escuela Baudilia Avenda\u00f1o de Yusuff.<\/p>\n\n\n\n<p>Esta es una iniciativa que se desarrolla gracias al financiamiento del Ministerio de Desarrollo Social en convenio de ejecuci\u00f3n con la Ilustre Municipalidad de Natales y los aporte de la Junta de Auxilio escolar y Becas (JUNAEB), Secretaria Regional Ministerial de Deportes e Instituto Nacional de Deportes.<\/p>\n\n\n\n<p>Por su parte la directora de la Direcci\u00f3n de Desarrollo Comunitario (DIDECO), Claudia Hern\u00e1ndez Oyarzo expres\u00f3 que, \u201cnosotros estamos muy contentas porque este a\u00f1o tuvimos una muy buena participaci\u00f3n de los ni\u00f1os y ni\u00f1as en este programa de verano. Tuvimos un total de 90 cupos con una asistencia regular entre 70 y 80 ni\u00f1os y ni\u00f1as diariamente. Con m\u00faltiples actividades durante todo el per\u00edodo veraniego que fueron deportivas, culturales, paseos urbanos, paseos campestres entre otras y ma\u00f1ana se cierra con una entretenida visita a Torres del Paine\u201d.<\/p>\n\n\n\n<p>Tambi\u00e9n la directora aprovech\u00f3 la oportunidad para agradecer el trabajo de las monitoras que estuvieron a cargo de los ni\u00f1os y ni\u00f1as como tambi\u00e9n reconoci\u00f3 la confianza que las madres, padres y\/o tutores depositaron en la municipalidad de Natales.<\/p>\n\n\n\n<p>Consultado el SEREMI de Desarrollo Social, Danilo Mimica Mancilla estamos muy conformes porque este centro o colonias de verano ha sido una muestra de c\u00f3mo las instituciones pueden trabajar en forma conjunta, agradezco la ejecuci\u00f3n que ha tenido el municipio a trav\u00e9s de todo el equipo coordinador. Para nosotros como ministerio es sumamente importante poder financiar este tipo de actividades, ya que por un lado entregamos una oferta program\u00e1tica para ni\u00f1os y ni\u00f1as durante el verano, pero a su vez colaboramos a que las madres, padres y\/o tutores en temporada estival puedan seguir en sus respectivos trabajos tranquilos, sabiendo que sus hijos\/as est\u00e1n seguros. Lo que nos permite reafirmar el concepto que tenemos como Ministerio de Desarrollo Social, que es el poder instalar un Sistema Nacional de Cuidados que vaya en reconocimiento de todas las personas, principalmente mujeres que son las cuidadoras\u201d.<\/p>\n\n\n\n<p>En el evento se realiz\u00f3 una muestra de destreza deportiva en b\u00e1squetbol, un entretenido mix musical, la interpretaci\u00f3n del tema \u201cGracias a la vida\u201d en lenguaje de se\u00f1as y una presentaci\u00f3n de un video donde se mostraron las distintas actividades que realizaron los ni\u00f1os y ni\u00f1as de la comuna de Natales.<\/p>\n","protected":false},"excerpt":{"rendered":"<p>Con una hermosa jornada de deporte y expresiones art\u00edsticas se vivi\u00f3 la ma\u00f1ana del lunes 13 de febrero el cierre del Programa de Trabajos de temporada, centro de cuidados 2023,&#8230; <a class=\"read-more\" href=\"https:\/\/www.radiopresidenteibanez.cl\/web\/con-mucha-alegria-se-realizo-el-cierre-del-programa-centro-de-cuidados-2023-en-natales\/\">Leer m\u00e1s<\/a><\/p>\n","protected":false},"author":2,"featured_media":37489,"comment_status":"closed","ping_status":"closed","sticky":false,"template":"","format":"standard","meta":{"footnotes":""},"categories":[1],"tags":[],"class_list":["post-37488","post","type-post","status-publish","format-standard","has-post-thumbnail","hentry","category-cronica"],"_links":{"self":[{"href":"https:\/\/www.radiopresidenteibanez.cl\/web\/wp-json\/wp\/v2\/posts\/37488","targetHints":{"allow":["GET"]}}],"collection":[{"href":"https:\/\/www.radiopresidenteibanez.cl\/web\/wp-json\/wp\/v2\/posts"}],"about":[{"href":"https:\/\/www.radiopresidenteibanez.cl\/web\/wp-json\/wp\/v2\/types\/post"}],"author":[{"embeddable":true,"href":"https:\/\/www.radiopresidenteibanez.cl\/web\/wp-json\/wp\/v2\/users\/2"}],"replies":[{"embeddable":true,"href":"https:\/\/www.radiopresidenteibanez.cl\/web\/wp-json\/wp\/v2\/comments?post=37488"}],"version-history":[{"count":0,"href":"https:\/\/www.radiopresidenteibanez.cl\/web\/wp-json\/wp\/v2\/posts\/37488\/revisions"}],"wp:featuredmedia":[{"embeddable":true,"href":"https:\/\/www.radiopresidenteibanez.cl\/web\/wp-json\/wp\/v2\/media\/37489"}],"wp:attachment":[{"href":"https:\/\/www.radiopresidenteibanez.cl\/web\/wp-json\/wp\/v2\/media?parent=37488"}],"wp:term":[{"taxonomy":"category","embeddable":true,"href":"https:\/\/www.radiopresidenteibanez.cl\/web\/wp-json\/wp\/v2\/categories?post=37488"},{"taxonomy":"post_tag","embeddable":true,"href":"https:\/\/www.radiopresidenteibanez.cl\/web\/wp-json\/wp\/v2\/tags?post=37488"}],"curies":[{"name":"wp","href":"https:\/\/api.w.org\/{rel}","templated":true}]}}