{"id":37485,"date":"2023-02-16T12:09:00","date_gmt":"2023-02-16T15:09:00","guid":{"rendered":"https:\/\/www.radiopresidenteibanez.cl\/web\/?p=37485"},"modified":"2023-02-16T13:17:12","modified_gmt":"2023-02-16T16:17:12","slug":"alcalde-radonich-se-reunio-con-el-subsecretario-de-prevencion-del-delito-para-confirmar-instalacion-de-caseta-de-seguridad-en-el-sector-sur-de-punta-arenas","status":"publish","type":"post","link":"https:\/\/www.radiopresidenteibanez.cl\/web\/alcalde-radonich-se-reunio-con-el-subsecretario-de-prevencion-del-delito-para-confirmar-instalacion-de-caseta-de-seguridad-en-el-sector-sur-de-punta-arenas\/","title":{"rendered":"<strong>ALCALDE RADONICH SE REUNI\u00d3 CON EL SUBSECRETARIO DE PREVENCI\u00d3N DEL DELITO PARA CONFIRMAR INSTALACI\u00d3N DE CASETA DE SEGURIDAD EN EL SECTOR SUR DE PUNTA ARENAS<\/strong>"},"content":{"rendered":"\n<p>Con el af\u00e1n de ir concretando diversas iniciativas a nivel comunal, el Alcalde Claudio Radonich viaj\u00f3 hasta Santiago para reunirse con distintas autoridades de Gobierno, entre las que destacan el Subsecretario de Prevenci\u00f3n del Delito, Eduardo Vergara, con quien se reuni\u00f3 el pasado mi\u00e9rcoles, instancia en la cual se pudo concretar la entrega de una iniciativa que busca dotar de mayor seguridad al sector sur de Punta Arenas, a trav\u00e9s de la instalaci\u00f3n de un M\u00f3dulo de Monitoreo para Patrullaje Focalizado con personal municipal.<\/p>\n\n\n\n<p>En ese sentido, el Subsecretario dijo que \u201cacabamos de terminar una reuni\u00f3n de trabajo junto con el Alcalde de Punta Arenas, Claudio Radonich, ya que luego de una visita que hicimos hace unos meses a dicha comuna, nos comprometimos a poder abordar las diversas necesidades en materia de prevenci\u00f3n, hoy hemos recibido un proyecto que permitir\u00e1 avanzar en mayor seguridad para los vecinos del lado sur, sabiendo que hay un Gobierno y un municipio trabajando de manera conjunta\u201d.<\/p>\n\n\n\n<p>\u201cCreemos que son buenas noticias para todos quienes habitan la ciudad de Punta Arenas, lo que se sumar\u00e1 a diversos anuncios que permitir\u00e1n seguir en la l\u00ednea y reforzar los trabajos con Carabineros y la Polic\u00eda de Investigaciones, por lo que visitaremos en el corto plazo nuevamente la comuna para informar acerca de aquello\u201d, adelant\u00f3 Vergara.<\/p>\n\n\n\n<p>En tanto, Radonich agreg\u00f3 que \u201cestamos muy contentos de contar con el apoyo del Gobierno, y principalmente del Subsecretario de Prevenci\u00f3n del Delito, ya que hemos concordado en la necesidad de potenciar la seguridad en el sector sur de la ciudad, por lo que presentamos el proyecto para poder instalar una caseta de vigilancia y seguridad municipal con fondos de la Subsecretar\u00eda, lo cual nos permitir\u00e1 tener personal permanente, algo que ya fue socializado con los vecinos del lugar, quienes est\u00e1n de acuerdo y valoraron la iniciativa\u201d.<\/p>\n\n\n\n<p>Quien precisamente valor\u00f3 la iniciativa, fue Celia Gonz\u00e1lez, presidenta de la Junta Vecinal Goleta Ancud, quien manifest\u00f3 que \u201ccon los vecinos tenemos la necesidad de contar con mayor seguridad aqu\u00ed en el sector, y que mejor que con Seguridad Municipal que nos han estado apoyando todo este tiempo, as\u00ed que este proyecto ser\u00e1 muy importante para el sector sur as\u00ed que muy agradecidos\u201d.<\/p>\n\n\n\n<p>Finalmente, Alejandro Tobar, director de Seguridad Municipal, detall\u00f3 que \u201cla idea es que este espacio tenga una permanencia en el lugar 24\/7 junto con un veh\u00edculo de seguridad municipal, el cual apoyar\u00e1 la presencia de patrulleros en el sector sur de Punta Arenas, lo que se suma a la l\u00ednea gratuita de seguridad 800 800 134 que siempre est\u00e1 disponible\u201d.<\/p>\n","protected":false},"excerpt":{"rendered":"<p>Con el af\u00e1n de ir concretando diversas iniciativas a nivel comunal, el Alcalde Claudio Radonich viaj\u00f3 hasta Santiago para reunirse con distintas autoridades de Gobierno, entre las que destacan el&#8230; <a class=\"read-more\" href=\"https:\/\/www.radiopresidenteibanez.cl\/web\/alcalde-radonich-se-reunio-con-el-subsecretario-de-prevencion-del-delito-para-confirmar-instalacion-de-caseta-de-seguridad-en-el-sector-sur-de-punta-arenas\/\">Leer m\u00e1s<\/a><\/p>\n","protected":false},"author":2,"featured_media":37486,"comment_status":"closed","ping_status":"closed","sticky":false,"template":"","format":"standard","meta":{"footnotes":""},"categories":[1],"tags":[],"class_list":["post-37485","post","type-post","status-publish","format-standard","has-post-thumbnail","hentry","category-cronica"],"_links":{"self":[{"href":"https:\/\/www.radiopresidenteibanez.cl\/web\/wp-json\/wp\/v2\/posts\/37485","targetHints":{"allow":["GET"]}}],"collection":[{"href":"https:\/\/www.radiopresidenteibanez.cl\/web\/wp-json\/wp\/v2\/posts"}],"about":[{"href":"https:\/\/www.radiopresidenteibanez.cl\/web\/wp-json\/wp\/v2\/types\/post"}],"author":[{"embeddable":true,"href":"https:\/\/www.radiopresidenteibanez.cl\/web\/wp-json\/wp\/v2\/users\/2"}],"replies":[{"embeddable":true,"href":"https:\/\/www.radiopresidenteibanez.cl\/web\/wp-json\/wp\/v2\/comments?post=37485"}],"version-history":[{"count":0,"href":"https:\/\/www.radiopresidenteibanez.cl\/web\/wp-json\/wp\/v2\/posts\/37485\/revisions"}],"wp:featuredmedia":[{"embeddable":true,"href":"https:\/\/www.radiopresidenteibanez.cl\/web\/wp-json\/wp\/v2\/media\/37486"}],"wp:attachment":[{"href":"https:\/\/www.radiopresidenteibanez.cl\/web\/wp-json\/wp\/v2\/media?parent=37485"}],"wp:term":[{"taxonomy":"category","embeddable":true,"href":"https:\/\/www.radiopresidenteibanez.cl\/web\/wp-json\/wp\/v2\/categories?post=37485"},{"taxonomy":"post_tag","embeddable":true,"href":"https:\/\/www.radiopresidenteibanez.cl\/web\/wp-json\/wp\/v2\/tags?post=37485"}],"curies":[{"name":"wp","href":"https:\/\/api.w.org\/{rel}","templated":true}]}}