{"id":3748,"date":"2019-04-29T13:10:26","date_gmt":"2019-04-29T13:10:26","guid":{"rendered":"http:\/\/www.radiopresidenteibanez.cl\/web\/?p=3748"},"modified":"2019-04-29T13:10:59","modified_gmt":"2019-04-29T13:10:59","slug":"este-lunes-suben-los-pasajes-en-la-movilizacion-mayor-de-punta-arenas","status":"publish","type":"post","link":"https:\/\/www.radiopresidenteibanez.cl\/web\/este-lunes-suben-los-pasajes-en-la-movilizacion-mayor-de-punta-arenas\/","title":{"rendered":"ESTE LUNES SUBEN LOS PASAJES EN LA MOVILIZACI\u00d3N MAYOR DE PUNTA ARENAS"},"content":{"rendered":"\n<p>Este lunes subir\u00e1n en $10 los pasajes de la movilizaci\u00f3n del\ntransporte mayor en Punta Arenas, con lo anterior los pasajes quedar\u00e1n en los\nsiguientes precios, $330, mientras que los escolares en $110, y por su parte\nlos adultos mayores pagar\u00e1n $170.<\/p>\n\n\n\n<p>Cabe mencionar que en los pr\u00f3ximos meses podr\u00eda haber variaci\u00f3n de rutas por parte de las micros de la empresa V\u00eda Austral, pero por sobre todo la l\u00ednea 4, lamentablemente lo que no se ver\u00e1n favorecidos con dicha situaci\u00f3n son las y los vecinos de los nuevos proyectos habitacionales entregados, debido que las calles son demasiados angostos para los buses.<\/p>\n\n\n\n<figure class=\"wp-block-image\"><img loading=\"lazy\" decoding=\"async\" width=\"797\" height=\"556\" src=\"https:\/\/www.radiopresidenteibanez.cl\/web\/wp-content\/uploads\/2019\/04\/P2160572.jpg\" alt=\"\" class=\"wp-image-3749\" srcset=\"https:\/\/www.radiopresidenteibanez.cl\/web\/wp-content\/uploads\/2019\/04\/P2160572.jpg 797w, https:\/\/www.radiopresidenteibanez.cl\/web\/wp-content\/uploads\/2019\/04\/P2160572-300x209.jpg 300w, https:\/\/www.radiopresidenteibanez.cl\/web\/wp-content\/uploads\/2019\/04\/P2160572-768x536.jpg 768w\" sizes=\"auto, (max-width: 797px) 100vw, 797px\" \/><\/figure>\n","protected":false},"excerpt":{"rendered":"<p>Este lunes subir\u00e1n en $10 los pasajes de la movilizaci\u00f3n del transporte mayor en Punta Arenas, con lo anterior los pasajes quedar\u00e1n en los siguientes precios, $330, mientras que los&#8230; <a class=\"read-more\" href=\"https:\/\/www.radiopresidenteibanez.cl\/web\/este-lunes-suben-los-pasajes-en-la-movilizacion-mayor-de-punta-arenas\/\">Leer m\u00e1s<\/a><\/p>\n","protected":false},"author":2,"featured_media":3749,"comment_status":"closed","ping_status":"closed","sticky":false,"template":"","format":"standard","meta":{"footnotes":""},"categories":[1],"tags":[],"class_list":["post-3748","post","type-post","status-publish","format-standard","has-post-thumbnail","hentry","category-cronica"],"_links":{"self":[{"href":"https:\/\/www.radiopresidenteibanez.cl\/web\/wp-json\/wp\/v2\/posts\/3748","targetHints":{"allow":["GET"]}}],"collection":[{"href":"https:\/\/www.radiopresidenteibanez.cl\/web\/wp-json\/wp\/v2\/posts"}],"about":[{"href":"https:\/\/www.radiopresidenteibanez.cl\/web\/wp-json\/wp\/v2\/types\/post"}],"author":[{"embeddable":true,"href":"https:\/\/www.radiopresidenteibanez.cl\/web\/wp-json\/wp\/v2\/users\/2"}],"replies":[{"embeddable":true,"href":"https:\/\/www.radiopresidenteibanez.cl\/web\/wp-json\/wp\/v2\/comments?post=3748"}],"version-history":[{"count":0,"href":"https:\/\/www.radiopresidenteibanez.cl\/web\/wp-json\/wp\/v2\/posts\/3748\/revisions"}],"wp:featuredmedia":[{"embeddable":true,"href":"https:\/\/www.radiopresidenteibanez.cl\/web\/wp-json\/wp\/v2\/media\/3749"}],"wp:attachment":[{"href":"https:\/\/www.radiopresidenteibanez.cl\/web\/wp-json\/wp\/v2\/media?parent=3748"}],"wp:term":[{"taxonomy":"category","embeddable":true,"href":"https:\/\/www.radiopresidenteibanez.cl\/web\/wp-json\/wp\/v2\/categories?post=3748"},{"taxonomy":"post_tag","embeddable":true,"href":"https:\/\/www.radiopresidenteibanez.cl\/web\/wp-json\/wp\/v2\/tags?post=3748"}],"curies":[{"name":"wp","href":"https:\/\/api.w.org\/{rel}","templated":true}]}}