{"id":37456,"date":"2023-02-14T08:19:00","date_gmt":"2023-02-14T11:19:00","guid":{"rendered":"https:\/\/www.radiopresidenteibanez.cl\/web\/?p=37456"},"modified":"2023-02-14T10:21:02","modified_gmt":"2023-02-14T13:21:02","slug":"en-dia-de-los-enamorados-justicia-extendera-sus-atenciones-en-terreno-a-comunidad-de-puerto-natales","status":"publish","type":"post","link":"https:\/\/www.radiopresidenteibanez.cl\/web\/en-dia-de-los-enamorados-justicia-extendera-sus-atenciones-en-terreno-a-comunidad-de-puerto-natales\/","title":{"rendered":"EN \u201cD\u00cdA DE LOS ENAMORADOS\u201d JUSTICIA EXTENDER\u00c1 SUS ATENCIONES EN TERRENO A COMUNIDAD DE PUERTO NATALES"},"content":{"rendered":"\n<p>En su af\u00e1n por mejorar el acceso a la justicia a todos sus usuarios y usuarias de la regi\u00f3n, los<br>servicios dependientes de la Secretar\u00eda Regional Ministerial de Justicia y Derechos Humanos<br>atender\u00e1n ma\u00f1ana martes 14 en un nuevo operativo de atenciones en terreno de<br>\u00ab#Justicia+Cerca\u201d dirigido a la ciudadan\u00eda de Puerto Natales. Dicha acci\u00f3n se extender\u00e1 desde las<br>14:00 hasta las 18:00 horas en un concurrido punto de la capital de \u00daltima Esperanza, como lo es<br>la Junta de Vecinos N\u00b01, ubicada en Ignacio Carrera Pinto N\u00b0341.<\/p>\n\n\n\n<p>Participar\u00e1n de esta atenci\u00f3n extraordinaria las Oficinas M\u00f3viles de Atenci\u00f3n Ciudadana del<br>Servicio de Registro Civil e Identificaci\u00f3n y de la Corporaci\u00f3n de Asistencia Judicial (CAJ), a trav\u00e9s<br>de diversas prestaciones como activaciones de Clave \u00danica, la obtenci\u00f3n de c\u00e9dulas de identidad y<br>certificados del Registro Civil, al igual que asesor\u00eda y orientaci\u00f3n jur\u00eddica gratuita a la comunidad<br>en diversos \u00e1mbitos.<br>La CAJ concurrir\u00e1 con una dupla socio-jur\u00eddica, encabezada por su propio Director Regional,<br>Alejandro Donatti, quien se\u00f1al\u00f3 que concurren \u201ca apoyar la gesti\u00f3n del centro CAJ en Natales en el<br>marco de los operativos de \u00ab#Justicia+Cerca\u201d, que la SEREM\u00cdA de Justicia y DDHH organiza para el<br>despliegue territorial de los organismos de la cartera de Justicia. Invitamos a toda la comunidad<br>de Puerto Natales a visitarnos en la Junta de Vecinos N\u00b01, para ser atendidos en sus consultas<br>jur\u00eddicas en materias de familia como alimentos, divorcios, visitas, Registro de Deudores, y<br>materias civiles como arriendos, interdicciones, cambio de nombre, y cualquier otra materia donde<br>requiera asistencia jur\u00eddica; para ser atendidos por la Corporaci\u00f3n de Asistencia Judicial y continuar<br>posteriormente la tramitaci\u00f3n de sus causas con nuestro centro ubicado en la comuna\u201d.<br>A su vez, la Seremi de la cartera, Michelle Peutat, inst\u00f3 a los vecinos y vecinas de \u00daltima Esperanza<br>para que puedan aprovechar esta instancia de atenciones y tr\u00e1mites presenciales por parte de sus<br>servicios dependientes, descentralizando y facilitando el acceso a la justicia de la ciudadan\u00eda a los<br>diversos tr\u00e1mites que brindan como sector, especialmente a quienes no pueden acudir a sus<br>oficinas en los horarios habituales de atenci\u00f3n.<br>Finalmente, la autoridad record\u00f3 que el pr\u00f3ximo y \u00faltimo operativo a realizar durante el presente<br>mes est\u00e1 programado para el jueves 23, de 15:00 a 17:30 horas en el Supermercado Unimarc Sur<\/p>\n\n\n\n<p>de Punta Arenas (Av. Pdte. Pedro Aguirre Cerda N\u00b0413), el cual tambi\u00e9n contar\u00e1 con el Registro<br>Civil y la CAJ.<\/p>\n","protected":false},"excerpt":{"rendered":"<p>En su af\u00e1n por mejorar el acceso a la justicia a todos sus usuarios y usuarias de la regi\u00f3n, losservicios dependientes de la Secretar\u00eda Regional Ministerial de Justicia y Derechos&#8230; <a class=\"read-more\" href=\"https:\/\/www.radiopresidenteibanez.cl\/web\/en-dia-de-los-enamorados-justicia-extendera-sus-atenciones-en-terreno-a-comunidad-de-puerto-natales\/\">Leer m\u00e1s<\/a><\/p>\n","protected":false},"author":2,"featured_media":37457,"comment_status":"closed","ping_status":"closed","sticky":false,"template":"","format":"standard","meta":{"footnotes":""},"categories":[1],"tags":[],"class_list":["post-37456","post","type-post","status-publish","format-standard","has-post-thumbnail","hentry","category-cronica"],"_links":{"self":[{"href":"https:\/\/www.radiopresidenteibanez.cl\/web\/wp-json\/wp\/v2\/posts\/37456","targetHints":{"allow":["GET"]}}],"collection":[{"href":"https:\/\/www.radiopresidenteibanez.cl\/web\/wp-json\/wp\/v2\/posts"}],"about":[{"href":"https:\/\/www.radiopresidenteibanez.cl\/web\/wp-json\/wp\/v2\/types\/post"}],"author":[{"embeddable":true,"href":"https:\/\/www.radiopresidenteibanez.cl\/web\/wp-json\/wp\/v2\/users\/2"}],"replies":[{"embeddable":true,"href":"https:\/\/www.radiopresidenteibanez.cl\/web\/wp-json\/wp\/v2\/comments?post=37456"}],"version-history":[{"count":0,"href":"https:\/\/www.radiopresidenteibanez.cl\/web\/wp-json\/wp\/v2\/posts\/37456\/revisions"}],"wp:featuredmedia":[{"embeddable":true,"href":"https:\/\/www.radiopresidenteibanez.cl\/web\/wp-json\/wp\/v2\/media\/37457"}],"wp:attachment":[{"href":"https:\/\/www.radiopresidenteibanez.cl\/web\/wp-json\/wp\/v2\/media?parent=37456"}],"wp:term":[{"taxonomy":"category","embeddable":true,"href":"https:\/\/www.radiopresidenteibanez.cl\/web\/wp-json\/wp\/v2\/categories?post=37456"},{"taxonomy":"post_tag","embeddable":true,"href":"https:\/\/www.radiopresidenteibanez.cl\/web\/wp-json\/wp\/v2\/tags?post=37456"}],"curies":[{"name":"wp","href":"https:\/\/api.w.org\/{rel}","templated":true}]}}