{"id":37453,"date":"2023-02-14T12:43:00","date_gmt":"2023-02-14T15:43:00","guid":{"rendered":"https:\/\/www.radiopresidenteibanez.cl\/web\/?p=37453"},"modified":"2023-02-14T10:17:33","modified_gmt":"2023-02-14T13:17:33","slug":"directiva-regional-de-colegio-de-contadores-se-reunio-con-nueva-directora-regional-de-servicio-impuestos-internos","status":"publish","type":"post","link":"https:\/\/www.radiopresidenteibanez.cl\/web\/directiva-regional-de-colegio-de-contadores-se-reunio-con-nueva-directora-regional-de-servicio-impuestos-internos\/","title":{"rendered":"DIRECTIVA REGIONAL DE COLEGIO DE CONTADORES SE REUNIO CON NUEVA DIRECTORA REGIONAL DE SERVICIO IMPUESTOS INTERNOS"},"content":{"rendered":"\n<p>La semana reci\u00e9n pasada se solicit\u00f3 una audiencia a la nueva Directora Regional de Magallanes y Ant\u00e1rtica Chilena del Servicio de Impuestos de Internos, do\u00f1a Ivanessa San Martin Rojas.<\/p>\n\n\n\n<p>Esta fue concedida el d\u00eda 09 de febrero reci\u00e9n pasado, concurriendo por parte del Servicio, adem\u00e1s de la autoridad regional, la Sra. Rosa Santana Barrientos, Jefe Departamento de Asistencia al Contribuyente y do\u00f1a Pamela Andrade Benavente Abogada.&nbsp;&nbsp; Por parte del Colegio particip\u00f3 do\u00f1a Patricia Vera Jelves, Consejera Nacional del Colegio de Contadores y quien suscribe don Adolfo Canales Guentelic\u00e1n, Presidente del Consejo Regional de Magallanes del Colegio de Contadores de Chile A.G.<\/p>\n\n\n\n<p>Adem\u00e1s de presentarse ante la autoridad regional, se manifest\u00f3 en forma resumida las inquietudes de los colegiados principalmente relacionados con la Operaci\u00f3n Renta de los \u00faltimos dos a\u00f1os, problem\u00e1ticas con la informaci\u00f3n de las boletas electr\u00f3nica y el funcionamiento de la p\u00e1gina web del Servicio.&nbsp;<\/p>\n\n\n\n<p>Por su parte la autoridad regional manifest\u00f3 el inter\u00e9s en realizar actividades en conjunto entre el Servicio y el Colegio como capacitaciones y mesas redondas.&nbsp; Esto adem\u00e1s de retomar las reuniones bimensuales que se desarrollaron hasta abril del a\u00f1o 2020, siendo gratamente consensuado por las partes.&nbsp; De hecho, la pr\u00f3xima reuni\u00f3n esta programada para el 23 de marzo del presente.<\/p>\n\n\n\n<p>Otro acuerdo importante fue coordinar la presentaci\u00f3n de contingencias con la p\u00e1gina web en la Operaci\u00f3n Renta, esto a trav\u00e9s de comunicaci\u00f3n directa con la Srta. Pamela Benavente, quien como gentilmente lo ha hecho a\u00f1os anteriores, canalizar\u00e1 nuestras inquietudes asociadas a tres Rut de empresas con el mismo problema para validar la contingencia.&nbsp; Como Consejo Regional estamos esperanzados que con todas las alertas manifestadas en la operaci\u00f3n renta anterior, canalizadas por oficio tanto a Hacienda, SII, Parlamentarios y Autoridades Regionales que este a\u00f1o disminuyan considerablemente los contratiempos, pero sin dejar de lado las gestiones que se han llevado a cabo y marchan por caminos paralelos, como es el aplazamiento por Ley de la Operaci\u00f3n Renta definitivamente para el mes junio de cada a\u00f1o.<\/p>\n\n\n\n<p>Muy agradecidos por la reuni\u00f3n concedida, la buena disposici\u00f3n de la autoridad regional, y con la satisfacci\u00f3n de coincidir en varios temas planteados, que esperamos se concreten en un trabajo en conjunto por el bien de los contribuyentes y del ejercicio profesional de los 110 contadores colegiados de la regi\u00f3n.<\/p>\n\n\n\n<p>Agradeciendo su atenci\u00f3n, saluda Atte. Adolfo Canales Guentelic\u00e1n, Presidente del Consejo Regional del Colegio de Contadores de Magallanes.<\/p>\n","protected":false},"excerpt":{"rendered":"<p>La semana reci\u00e9n pasada se solicit\u00f3 una audiencia a la nueva Directora Regional de Magallanes y Ant\u00e1rtica Chilena del Servicio de Impuestos de Internos, do\u00f1a Ivanessa San Martin Rojas. Esta&#8230; <a class=\"read-more\" href=\"https:\/\/www.radiopresidenteibanez.cl\/web\/directiva-regional-de-colegio-de-contadores-se-reunio-con-nueva-directora-regional-de-servicio-impuestos-internos\/\">Leer m\u00e1s<\/a><\/p>\n","protected":false},"author":2,"featured_media":37454,"comment_status":"closed","ping_status":"closed","sticky":false,"template":"","format":"standard","meta":{"footnotes":""},"categories":[1],"tags":[],"class_list":["post-37453","post","type-post","status-publish","format-standard","has-post-thumbnail","hentry","category-cronica"],"_links":{"self":[{"href":"https:\/\/www.radiopresidenteibanez.cl\/web\/wp-json\/wp\/v2\/posts\/37453","targetHints":{"allow":["GET"]}}],"collection":[{"href":"https:\/\/www.radiopresidenteibanez.cl\/web\/wp-json\/wp\/v2\/posts"}],"about":[{"href":"https:\/\/www.radiopresidenteibanez.cl\/web\/wp-json\/wp\/v2\/types\/post"}],"author":[{"embeddable":true,"href":"https:\/\/www.radiopresidenteibanez.cl\/web\/wp-json\/wp\/v2\/users\/2"}],"replies":[{"embeddable":true,"href":"https:\/\/www.radiopresidenteibanez.cl\/web\/wp-json\/wp\/v2\/comments?post=37453"}],"version-history":[{"count":0,"href":"https:\/\/www.radiopresidenteibanez.cl\/web\/wp-json\/wp\/v2\/posts\/37453\/revisions"}],"wp:featuredmedia":[{"embeddable":true,"href":"https:\/\/www.radiopresidenteibanez.cl\/web\/wp-json\/wp\/v2\/media\/37454"}],"wp:attachment":[{"href":"https:\/\/www.radiopresidenteibanez.cl\/web\/wp-json\/wp\/v2\/media?parent=37453"}],"wp:term":[{"taxonomy":"category","embeddable":true,"href":"https:\/\/www.radiopresidenteibanez.cl\/web\/wp-json\/wp\/v2\/categories?post=37453"},{"taxonomy":"post_tag","embeddable":true,"href":"https:\/\/www.radiopresidenteibanez.cl\/web\/wp-json\/wp\/v2\/tags?post=37453"}],"curies":[{"name":"wp","href":"https:\/\/api.w.org\/{rel}","templated":true}]}}