{"id":37447,"date":"2023-02-14T11:50:00","date_gmt":"2023-02-14T14:50:00","guid":{"rendered":"https:\/\/www.radiopresidenteibanez.cl\/web\/?p=37447"},"modified":"2023-02-14T10:10:44","modified_gmt":"2023-02-14T13:10:44","slug":"campana-de-senda-hizo-su-lanzamiento-regional-en-natales","status":"publish","type":"post","link":"https:\/\/www.radiopresidenteibanez.cl\/web\/campana-de-senda-hizo-su-lanzamiento-regional-en-natales\/","title":{"rendered":"Campa\u00f1a de Senda hizo su lanzamiento regional en Natales"},"content":{"rendered":"\n<p>Promover estilos de vida saludable en ni\u00f1os, ni\u00f1as y adolescentes junto con informar<br>sobre acciones para evitar riesgos durante el per\u00edodo estival, son los objetivos que<br>persigue la campa\u00f1a preventiva que SENDA despliega por estos d\u00edas en todo Chile.<br>La alcaldesa de Natales Antonieta Oyarzo, junto a la directora regional del Servicio<br>Nacional para la Prevenci\u00f3n y Rehabilitaci\u00f3n de Drogas y Alcohol, Senda, Lorena Guala, y<br>la Coordinadora Comunal de Senda Previene Sonia Aguilar, presentaron oficialmente la<br>Campa\u00f1a de verano #ModoPrevenci\u00f3n en el marco de la Fiesta Costumbrista Chilota<br>realizada en la Capital de \u00daltima Esperanza.<br>Al respecto la directora de SENDA destac\u00f3 que lo que se busca es promover estilos de vida<br>saludables en ni\u00f1os, ni\u00f1as, adolescentes y j\u00f3venes, adem\u00e1s de un adecuado uso del<br>tiempo libre, a trav\u00e9s de mensajes y consejos que est\u00e9n en sinton\u00eda con sus necesidades y<br>experiencias.<br>A\u00f1adi\u00f3 que por esta raz\u00f3n han estado presente con este mensaje en distintos espacios<br>como \u201cVerano Activo\u201d en Cabo de Hornos, \u201cMovi\u00e9ndome en mi barrio\u201d y \u201cColonias de<br>Verano Natales\u201d, \u201cLos Centros de Vacaciones\u201d y \u201cJuntos reactivando Calle Bories\u201d, en<br>Punta Arenas, entre otras.<br>Antonieta Oyarzo, alcaldesa de Puerto Natales, destac\u00f3 el despliegue que ha hecho en la<br>comuna el equipo de Senda Previene, llegando con el mensaje de prevenci\u00f3n a distintos<br>sectores donde la municipalidad desarrolla acciones comunitarias, de conversaci\u00f3n,<br>esparcimientos, culturales, deportivas y de sano uso del tiempo libre.<br>La autoridad comunal resalt\u00f3 que el lanzamiento regional de la campa\u00f1a se llevara a cabo en<br>Natales y en una actividad familiar masiva como lo es la Fiesta Costumbrista Chilota.<br>Por su parte la coordinadora de Senda Previene Natales, Sonia Mar\u00edn, dijo que uno de los de los<br>prop\u00f3sitos de las actividades que se han desarrollado ha sido reforzar elementos positivos como la<br>importancia de compartir con los hijos e hijas, generar m\u00e1s espacios de conversaci\u00f3n y<br>esparcimiento, estar m\u00e1s en contacto con ellos y ellas, pues estas inciden en u n menor riesgo de<br>consumo.<br>Lorena Guala, invit\u00f3 a la comunidad a sumarse al #ModoPrevenci\u00f3n, que significa interesarse por<br>saber qu\u00e9 les pasa a los ni\u00f1os, ni\u00f1as y adolescentes, estar abiertos y disponibles para escucharles.<br>Indic\u00f3 que #ModoPrevenci\u00f3n tambi\u00e9n que j\u00f3venes se aseguren que sus amigos y amigas con<br>quienes van a una fiesta lleguen bien y no presionarles para que consuman alcohol y otras drogas.<\/p>\n\n\n\n<p>\u201cEl verano es ideal para participar en actividades en el barrio, la comunidad, practicar deportes,<br>festivales culturales o desarrollar nuevas habilidades que nos ayuden a crecer. \u201cCompartir en<br>familia o con las amistades haciendo buen uso del tiempo libre es tambi\u00e9n una forma de<br>prevenir\u201d, dijo la directora regional de SENDA.<\/p>\n\n\n\n<p>En esta campa\u00f1a de verano, puntualiz\u00f3 Guala, se busca reforzar en ni\u00f1os, ni\u00f1as, adolescentes y<br>j\u00f3venes las habilidades personales y sociales para que resistan la presi\u00f3n de los pares y del<br>ambiente por consumir drogas.<\/p>\n","protected":false},"excerpt":{"rendered":"<p>Promover estilos de vida saludable en ni\u00f1os, ni\u00f1as y adolescentes junto con informarsobre acciones para evitar riesgos durante el per\u00edodo estival, son los objetivos quepersigue la campa\u00f1a preventiva que SENDA&#8230; <a class=\"read-more\" href=\"https:\/\/www.radiopresidenteibanez.cl\/web\/campana-de-senda-hizo-su-lanzamiento-regional-en-natales\/\">Leer m\u00e1s<\/a><\/p>\n","protected":false},"author":2,"featured_media":37448,"comment_status":"closed","ping_status":"closed","sticky":false,"template":"","format":"standard","meta":{"footnotes":""},"categories":[1],"tags":[],"class_list":["post-37447","post","type-post","status-publish","format-standard","has-post-thumbnail","hentry","category-cronica"],"_links":{"self":[{"href":"https:\/\/www.radiopresidenteibanez.cl\/web\/wp-json\/wp\/v2\/posts\/37447","targetHints":{"allow":["GET"]}}],"collection":[{"href":"https:\/\/www.radiopresidenteibanez.cl\/web\/wp-json\/wp\/v2\/posts"}],"about":[{"href":"https:\/\/www.radiopresidenteibanez.cl\/web\/wp-json\/wp\/v2\/types\/post"}],"author":[{"embeddable":true,"href":"https:\/\/www.radiopresidenteibanez.cl\/web\/wp-json\/wp\/v2\/users\/2"}],"replies":[{"embeddable":true,"href":"https:\/\/www.radiopresidenteibanez.cl\/web\/wp-json\/wp\/v2\/comments?post=37447"}],"version-history":[{"count":0,"href":"https:\/\/www.radiopresidenteibanez.cl\/web\/wp-json\/wp\/v2\/posts\/37447\/revisions"}],"wp:featuredmedia":[{"embeddable":true,"href":"https:\/\/www.radiopresidenteibanez.cl\/web\/wp-json\/wp\/v2\/media\/37448"}],"wp:attachment":[{"href":"https:\/\/www.radiopresidenteibanez.cl\/web\/wp-json\/wp\/v2\/media?parent=37447"}],"wp:term":[{"taxonomy":"category","embeddable":true,"href":"https:\/\/www.radiopresidenteibanez.cl\/web\/wp-json\/wp\/v2\/categories?post=37447"},{"taxonomy":"post_tag","embeddable":true,"href":"https:\/\/www.radiopresidenteibanez.cl\/web\/wp-json\/wp\/v2\/tags?post=37447"}],"curies":[{"name":"wp","href":"https:\/\/api.w.org\/{rel}","templated":true}]}}