{"id":37422,"date":"2023-02-13T14:13:00","date_gmt":"2023-02-13T17:13:00","guid":{"rendered":"https:\/\/www.radiopresidenteibanez.cl\/web\/?p=37422"},"modified":"2023-02-13T09:52:06","modified_gmt":"2023-02-13T12:52:06","slug":"artista-visual-felipe-betancourt-realizaraintervencion-de-arte-urbano-en-punta-arenas","status":"publish","type":"post","link":"https:\/\/www.radiopresidenteibanez.cl\/web\/artista-visual-felipe-betancourt-realizaraintervencion-de-arte-urbano-en-punta-arenas\/","title":{"rendered":"Artista visual Felipe Betancourt realizar\u00e1<br>intervenci\u00f3n de arte urbano en Punta Arenas"},"content":{"rendered":"\n<p>El destacado artista nacional Felipe Betancourt, liderar\u00e1 este martes 14 de<br>febrero la intervenci\u00f3n urbana denominada \u201cFamilia Flor\u201d, que se desarrollar\u00e1 en<br>la plaza Mu\u00f1oz Gamero de Punta Arenas y en la esquina de avenida Col\u00f3n con<br>Bories, en el centro de la ciudad. Se trata de una iniciativa que cuenta con el<br>apoyo de la SEREMI de las Culturas, las Artes y el Patrimonio, y que reunir\u00e1 a<br>medio de centenar de personas enmascaradas con capuchas dise\u00f1adas con flores<br>de reciclaje y arte textil.<br>\u201cEstamos en plena \u00e9poca estival y proponemos disfrutar de eventos al aire libre.<br>Nada mejor que hacerlo junto a las manifestaciones art\u00edsticas que activan los<br>espacios p\u00fablicos. El arte y la cultura son un aporte para la convivencia, las<br>reuniones, la interacci\u00f3n y una mejorar la calidad de vida\u201d, se\u00f1al\u00f3 el SEREMI de<br>las Culturas, Diego Garc\u00eda.<br>Los participantes, miembros de la gran familia flor -como los identifica<br>Betancourt- danzar\u00e1n, jugar\u00e1n e invitar\u00e1n a los transe\u00fantes a tomarse fotos,<br>hacer rondas y darse abrazos, en el espacio p\u00fablico y en el contexto de una fecha<br>especial, el D\u00eda del Amor.<br>\u201cEsta es una expresi\u00f3n art\u00edstica relacionada con el teatro de calle, celebrando y<br>homenajeando al gran director teatral, Andr\u00e9s P\u00e9rez Araya, magall\u00e1nico que nos<br>ha dejado este legado inmenso del teatro de calle\u201d, adelant\u00f3 Betancourt,<\/p>\n\n\n\n<p>respecto de la propuesta que llega por primera vez a la regi\u00f3n y que se<br>efectuar\u00e1, entre las 17.00 y 19.00 horas, del pr\u00f3ximo martes.<br>\u201cFamilia flor\u201d es una intervenci\u00f3n callejera que nace el a\u00f1o 2014, imaginando<br>una nueva ciudad, m\u00e1s amable y con conciencia medioambiental. La poes\u00eda en<br>movimiento y la fotograf\u00eda que deja el registro de la acci\u00f3n en el contexto<br>urbano la hicieron crecer, participando en diversos festivales a nivel nacional e<br>internacional. Ha ocupado esculturas patrimoniales de Santiago, gracias al apoyo<br>del Ministerio de las Culturas, las Artes y el Patrimonio; estuvo en la Bienal de<br>artes visuales de Argentina y ha sido parte del programa Cecrea en Arica y<br>Balmaceda Arte Joven en Puerto Montt. Adem\u00e1s, existen incontables registros de<br>fotos de las capuchas con flores en distintos puntos del planeta, ya que se ha<br>internacionalizado de manera autogestiva. \u201cFamilia Flor\u201d es una acci\u00f3n<br>espont\u00e1nea que genera reflexiones en torno al uso del espacio p\u00fablico, el<br>reciclaje y una humanidad m\u00e1s fraterna.<br>Betancourt imparti\u00f3 druante la presente semana talleres de arte textil y<br>upcycling -moda reciclada- en Porvenir, Tierra del Fuego, gracias a un proyecto<br>del gobierno, la OEI (Organizaci\u00f3n de Estados Iberoamericanos para la Educaci\u00f3n,<br>la Ciencia y la Cultura) y Balmaceda Arte Joven.<\/p>\n","protected":false},"excerpt":{"rendered":"<p>El destacado artista nacional Felipe Betancourt, liderar\u00e1 este martes 14 defebrero la intervenci\u00f3n urbana denominada \u201cFamilia Flor\u201d, que se desarrollar\u00e1 enla plaza Mu\u00f1oz Gamero de Punta Arenas y en la&#8230; <a class=\"read-more\" href=\"https:\/\/www.radiopresidenteibanez.cl\/web\/artista-visual-felipe-betancourt-realizaraintervencion-de-arte-urbano-en-punta-arenas\/\">Leer m\u00e1s<\/a><\/p>\n","protected":false},"author":2,"featured_media":37423,"comment_status":"closed","ping_status":"closed","sticky":false,"template":"","format":"standard","meta":{"footnotes":""},"categories":[1],"tags":[],"class_list":["post-37422","post","type-post","status-publish","format-standard","has-post-thumbnail","hentry","category-cronica"],"_links":{"self":[{"href":"https:\/\/www.radiopresidenteibanez.cl\/web\/wp-json\/wp\/v2\/posts\/37422","targetHints":{"allow":["GET"]}}],"collection":[{"href":"https:\/\/www.radiopresidenteibanez.cl\/web\/wp-json\/wp\/v2\/posts"}],"about":[{"href":"https:\/\/www.radiopresidenteibanez.cl\/web\/wp-json\/wp\/v2\/types\/post"}],"author":[{"embeddable":true,"href":"https:\/\/www.radiopresidenteibanez.cl\/web\/wp-json\/wp\/v2\/users\/2"}],"replies":[{"embeddable":true,"href":"https:\/\/www.radiopresidenteibanez.cl\/web\/wp-json\/wp\/v2\/comments?post=37422"}],"version-history":[{"count":0,"href":"https:\/\/www.radiopresidenteibanez.cl\/web\/wp-json\/wp\/v2\/posts\/37422\/revisions"}],"wp:featuredmedia":[{"embeddable":true,"href":"https:\/\/www.radiopresidenteibanez.cl\/web\/wp-json\/wp\/v2\/media\/37423"}],"wp:attachment":[{"href":"https:\/\/www.radiopresidenteibanez.cl\/web\/wp-json\/wp\/v2\/media?parent=37422"}],"wp:term":[{"taxonomy":"category","embeddable":true,"href":"https:\/\/www.radiopresidenteibanez.cl\/web\/wp-json\/wp\/v2\/categories?post=37422"},{"taxonomy":"post_tag","embeddable":true,"href":"https:\/\/www.radiopresidenteibanez.cl\/web\/wp-json\/wp\/v2\/tags?post=37422"}],"curies":[{"name":"wp","href":"https:\/\/api.w.org\/{rel}","templated":true}]}}