{"id":3741,"date":"2019-04-29T12:37:14","date_gmt":"2019-04-29T12:37:14","guid":{"rendered":"http:\/\/www.radiopresidenteibanez.cl\/web\/?p=3741"},"modified":"2019-04-29T13:45:32","modified_gmt":"2019-04-29T13:45:32","slug":"tuberculosis-en-magallanes-sepa-como-prevenirla-y-tratarla","status":"publish","type":"post","link":"https:\/\/www.radiopresidenteibanez.cl\/web\/tuberculosis-en-magallanes-sepa-como-prevenirla-y-tratarla\/","title":{"rendered":"TUBERCULOSIS EN MAGALLANES: SEPA C\u00d3MO PREVENIRLA Y TRATARLA"},"content":{"rendered":"\n<p>La tuberculosis es una infecci\u00f3n bacteriana que suele atacar\nlos pulmones, aunque tambi\u00e9n puede da\u00f1ar otras partes del cuerpo. Se contagia a\ntrav\u00e9s del aire, cuando una persona con el germen tose, estornuda o habla.<\/p>\n\n\n\n<p>\u201cEs una enfermedad que acompa\u00f1a bastante el devenir de la\nzona, es uno de nuestros puntos negros de la salud\u201d, afirm\u00f3 el m\u00e9dico geriatra,\nRam\u00f3n Lobos V\u00e1squez, agregando que Magallanes es una de las regiones donde\nexiste la tasa de prevalencia m\u00e1s alta del pa\u00eds.<\/p>\n\n\n\n<p>\u201cEso tiene que ver con lo que son las pesquisas de nuevos\ncasos. Estamos llegando como servicio, como sistema, muy tarde a pesquisar los\ncasos y eso implica que una persona est\u00e1 contagiando a todo su entorno. Por lo\ntanto, no solamente hay que tratar al paciente que est\u00e1 sufriendo, sino que al\nentorno\u201d, explic\u00f3.<\/p>\n\n\n\n<p>Es importante precisar que en la poblaci\u00f3n mayor de 65 a\u00f1os,\nse puede advertir una mayor prevalencia de esta enfermedad, que tiene entre sus\nfactores de riesgo la presencia de diabetes y el alcoholismo, entre otros. \u201cSe\nha ido generando un grupo de gente que no se vacuna, que ha tenido disminuci\u00f3n\nde la defensas por alguna otra causa; en general, se vincula a malas\ncondiciones de salud, malas condiciones ambientales, tambi\u00e9n asociada a la\npresencia de VIH, pero tambi\u00e9n, en un grado importante, al consumo de alcohol y\nlas condiciones de marginalidad que se dan en algunos grupos etarios. Por eso,\nuno tiende a asociarlo a deficientes condiciones socioambientales de las\npersonas. Pero cualquiera est\u00e1 propenso\u201d, explic\u00f3 el especialista.<\/p>\n\n\n\n<p>Seg\u00fan el m\u00e9dico geriatra, se debe evaluar a aquellas\npersonas que tosen m\u00e1s de 15 d\u00edas seguidos, y cuentan con una tos productiva.\n\u201cDeben hacerse un examen muy simple, que es la baciloscop\u00eda, que es buscar en\nla expectoraci\u00f3n si est\u00e1 presente este germen, y si est\u00e1, tratarlo\u201d, puntualiz\u00f3\nLobos.<\/p>\n\n\n\n<p>El especialista llam\u00f3 a la comunidad a protegerse de la tuberculosis, accediendo a la vacuna que evita la expansi\u00f3n de esta enfermedad.<\/p>\n\n\n\n<figure class=\"wp-block-image\"><img loading=\"lazy\" decoding=\"async\" width=\"900\" height=\"599\" src=\"http:\/\/www.radiopresidenteibanez.cl\/web\/wp-content\/uploads\/2019\/03\/RAMON-LOBOS-2-1.jpg-1.jpg\" alt=\"\" class=\"wp-image-2457\" srcset=\"https:\/\/www.radiopresidenteibanez.cl\/web\/wp-content\/uploads\/2019\/03\/RAMON-LOBOS-2-1.jpg-1.jpg 900w, https:\/\/www.radiopresidenteibanez.cl\/web\/wp-content\/uploads\/2019\/03\/RAMON-LOBOS-2-1.jpg-1-300x200.jpg 300w, https:\/\/www.radiopresidenteibanez.cl\/web\/wp-content\/uploads\/2019\/03\/RAMON-LOBOS-2-1.jpg-1-768x511.jpg 768w\" sizes=\"auto, (max-width: 900px) 100vw, 900px\" \/><\/figure>\n","protected":false},"excerpt":{"rendered":"<p>La tuberculosis es una infecci\u00f3n bacteriana que suele atacar los pulmones, aunque tambi\u00e9n puede da\u00f1ar otras partes del cuerpo. Se contagia a trav\u00e9s del aire, cuando una persona con el&#8230; <a class=\"read-more\" href=\"https:\/\/www.radiopresidenteibanez.cl\/web\/tuberculosis-en-magallanes-sepa-como-prevenirla-y-tratarla\/\">Leer m\u00e1s<\/a><\/p>\n","protected":false},"author":2,"featured_media":2457,"comment_status":"closed","ping_status":"closed","sticky":false,"template":"","format":"standard","meta":{"footnotes":""},"categories":[1],"tags":[],"class_list":["post-3741","post","type-post","status-publish","format-standard","has-post-thumbnail","hentry","category-cronica"],"_links":{"self":[{"href":"https:\/\/www.radiopresidenteibanez.cl\/web\/wp-json\/wp\/v2\/posts\/3741","targetHints":{"allow":["GET"]}}],"collection":[{"href":"https:\/\/www.radiopresidenteibanez.cl\/web\/wp-json\/wp\/v2\/posts"}],"about":[{"href":"https:\/\/www.radiopresidenteibanez.cl\/web\/wp-json\/wp\/v2\/types\/post"}],"author":[{"embeddable":true,"href":"https:\/\/www.radiopresidenteibanez.cl\/web\/wp-json\/wp\/v2\/users\/2"}],"replies":[{"embeddable":true,"href":"https:\/\/www.radiopresidenteibanez.cl\/web\/wp-json\/wp\/v2\/comments?post=3741"}],"version-history":[{"count":0,"href":"https:\/\/www.radiopresidenteibanez.cl\/web\/wp-json\/wp\/v2\/posts\/3741\/revisions"}],"wp:featuredmedia":[{"embeddable":true,"href":"https:\/\/www.radiopresidenteibanez.cl\/web\/wp-json\/wp\/v2\/media\/2457"}],"wp:attachment":[{"href":"https:\/\/www.radiopresidenteibanez.cl\/web\/wp-json\/wp\/v2\/media?parent=3741"}],"wp:term":[{"taxonomy":"category","embeddable":true,"href":"https:\/\/www.radiopresidenteibanez.cl\/web\/wp-json\/wp\/v2\/categories?post=3741"},{"taxonomy":"post_tag","embeddable":true,"href":"https:\/\/www.radiopresidenteibanez.cl\/web\/wp-json\/wp\/v2\/tags?post=3741"}],"curies":[{"name":"wp","href":"https:\/\/api.w.org\/{rel}","templated":true}]}}