{"id":37403,"date":"2023-02-12T16:09:00","date_gmt":"2023-02-12T19:09:00","guid":{"rendered":"https:\/\/www.radiopresidenteibanez.cl\/web\/?p=37403"},"modified":"2023-02-12T12:10:50","modified_gmt":"2023-02-12T15:10:50","slug":"las-ninas-y-los-ninos-disfrutan-de-los-jardines-de-verano-de-la-junji-en-tres-comunas-de-magallanes","status":"publish","type":"post","link":"https:\/\/www.radiopresidenteibanez.cl\/web\/las-ninas-y-los-ninos-disfrutan-de-los-jardines-de-verano-de-la-junji-en-tres-comunas-de-magallanes\/","title":{"rendered":"<strong>Las ni\u00f1as y los ni\u00f1os disfrutan de los Jardines de Verano de la JUNJI en tres comunas de Magallanes<\/strong>"},"content":{"rendered":"\n<p>La Junta Nacional de Jardines Infantiles (JUNJI) desarrolla este 2023 en la Regi\u00f3n de Magallanes y de la Ant\u00e1rtica Chilena su programa estacional Jard\u00edn de Verano, abarcando las comunas de Puerto Natales, Punta Arenas y, por vez primera, Cabo de Hornos. Los recintos utilizados con este objetivo son, respectivamente, \u201cCopito de Nieve\u201d, \u201cLaguna Azul\u201d y \u201cUkika\u201d, donde reciben educaci\u00f3n parvularia y bienestar integral las hijas e hijos de familias que no cuentan con redes de apoyo, fundamentalmente al tener que seguir con sus actividades laborales.<\/p>\n\n\n\n<p>Los equipos pedag\u00f3gicos iniciaron con p\u00e1rvulos el lunes 30 de enero y finalizar\u00e1n el viernes 24 de febrero. Se cuenta con una capacidad para 24 ni\u00f1as y ni\u00f1os en Cabo de Hornos, 48 en Natales y 96 en Punta Arenas. 72 cupos son para Salas Cuna y 96 para niveles medios. Se trata siempre de ni\u00f1as y ni\u00f1os, entre los cero y los cuatro a\u00f1os y once meses de vida, p\u00e1rvulos antiguos, que asisten regularmente a las unidades educativas de la JUNJI.<\/p>\n\n\n\n<p><strong>Haciendo historia en la educaci\u00f3n parvularia de Puerto Williams<\/strong><\/p>\n\n\n\n<p>En Puerto Williams, el equipo de la JUNJI lo encabeza la educadora de p\u00e1rvulos Javiera Troncoso Barraza. Ella agradece el cari\u00f1o de la comunidad que anhel\u00f3 por varios a\u00f1os que se contara con Jard\u00edn de Verano en la austral localidad. En este sentido, para 2023 fue fundamental la organizaci\u00f3n de las madres, padres y apoderados de los establecimientos \u201cUkika\u201d y \u201cT\u00e1nana\u201d y el respaldo de la Delegaci\u00f3n Presidencial Provincial de la Ant\u00e1rtica Chilena.<\/p>\n\n\n\n<p>Javiera agreg\u00f3 que realizan acciones recreativas basadas en el juego, con equipos educativos capacitados. \u201cEs un gran desaf\u00edo para la JUNJI y una oportunidad de aprendizaje para nosotras\u201d, asever\u00f3.<\/p>\n\n\n\n<p><strong>Jard\u00edn de Verano en Puerto Natales<\/strong><\/p>\n\n\n\n<p>La educadora Laura Calisto Llanqu\u00edn lidera al equipo de la JUNJI que desarrolla el Jard\u00edn de Verano en el establecimiento \u201cCopito de Nieve\u201d de Puerto Natales.<\/p>\n\n\n\n<p>\u201cEstamos viviendo una experiencia muy enriquecedora y grata, ya que la metodolog\u00eda de trabajo sale de la rutina pedag\u00f3gica que se aplica en el resto del a\u00f1o. Los ni\u00f1os disfrutan mucho de las actividades, con diversi\u00f3n y esparcimiento, fomentando la convivencia armoniosa de ellas y ellos y creando instancias de aprendizaje a trav\u00e9s del juego\u201d, detall\u00f3. Como puntarenense igualmente considera un desaf\u00edo personal trabajar este programa en Natales.<\/p>\n\n\n\n<p><strong>Atendiendo las necesidades de los p\u00e1rvulos de Punta Arenas<\/strong><\/p>\n\n\n\n<p>Lilian Z\u00fa\u00f1iga Vergara es la educadora a cargo del Jard\u00edn de Verano de Punta Arenas, que funciona en el recinto \u201cLaguna Azul\u201d. Dijo que, como equipo, est\u00e1n honradas y entusiastas para apoyar a las familias usuarias.<\/p>\n\n\n\n<p>\u201cEstamos promoviendo ambientes bien tratantes, considerando las necesidades de los ni\u00f1os que asisten. Enfatizamos en la articulaci\u00f3n con redes y agentes educativos, lo que fortalece la alianza entre instituciones, contribuyendo en la formaci\u00f3n social y cultural de los p\u00e1rvulos, generando una identidad colectiva que une a la comunidad\u201d, manifest\u00f3.<\/p>\n\n\n\n<p>Lo \u00faltimo se ha traducido en la programaci\u00f3n de visitas a museos y recorridos por el Humedal Tres Puentes y el Sendero Ecol\u00f3gico del Parque Cruz de Froward, en lo que contaron con el apoyo de la Agrupaci\u00f3n Ecol\u00f3gica Patag\u00f3nica.<\/p>\n","protected":false},"excerpt":{"rendered":"<p>La Junta Nacional de Jardines Infantiles (JUNJI) desarrolla este 2023 en la Regi\u00f3n de Magallanes y de la Ant\u00e1rtica Chilena su programa estacional Jard\u00edn de Verano, abarcando las comunas de&#8230; <a class=\"read-more\" href=\"https:\/\/www.radiopresidenteibanez.cl\/web\/las-ninas-y-los-ninos-disfrutan-de-los-jardines-de-verano-de-la-junji-en-tres-comunas-de-magallanes\/\">Leer m\u00e1s<\/a><\/p>\n","protected":false},"author":2,"featured_media":37404,"comment_status":"closed","ping_status":"closed","sticky":false,"template":"","format":"standard","meta":{"footnotes":""},"categories":[1],"tags":[],"class_list":["post-37403","post","type-post","status-publish","format-standard","has-post-thumbnail","hentry","category-cronica"],"_links":{"self":[{"href":"https:\/\/www.radiopresidenteibanez.cl\/web\/wp-json\/wp\/v2\/posts\/37403","targetHints":{"allow":["GET"]}}],"collection":[{"href":"https:\/\/www.radiopresidenteibanez.cl\/web\/wp-json\/wp\/v2\/posts"}],"about":[{"href":"https:\/\/www.radiopresidenteibanez.cl\/web\/wp-json\/wp\/v2\/types\/post"}],"author":[{"embeddable":true,"href":"https:\/\/www.radiopresidenteibanez.cl\/web\/wp-json\/wp\/v2\/users\/2"}],"replies":[{"embeddable":true,"href":"https:\/\/www.radiopresidenteibanez.cl\/web\/wp-json\/wp\/v2\/comments?post=37403"}],"version-history":[{"count":0,"href":"https:\/\/www.radiopresidenteibanez.cl\/web\/wp-json\/wp\/v2\/posts\/37403\/revisions"}],"wp:featuredmedia":[{"embeddable":true,"href":"https:\/\/www.radiopresidenteibanez.cl\/web\/wp-json\/wp\/v2\/media\/37404"}],"wp:attachment":[{"href":"https:\/\/www.radiopresidenteibanez.cl\/web\/wp-json\/wp\/v2\/media?parent=37403"}],"wp:term":[{"taxonomy":"category","embeddable":true,"href":"https:\/\/www.radiopresidenteibanez.cl\/web\/wp-json\/wp\/v2\/categories?post=37403"},{"taxonomy":"post_tag","embeddable":true,"href":"https:\/\/www.radiopresidenteibanez.cl\/web\/wp-json\/wp\/v2\/tags?post=37403"}],"curies":[{"name":"wp","href":"https:\/\/api.w.org\/{rel}","templated":true}]}}