{"id":37394,"date":"2023-02-12T12:00:46","date_gmt":"2023-02-12T15:00:46","guid":{"rendered":"https:\/\/www.radiopresidenteibanez.cl\/web\/?p=37394"},"modified":"2023-02-12T12:00:54","modified_gmt":"2023-02-12T15:00:54","slug":"solo-quiero-cantar-en-presente-y-poderte-decir-pero-muda-quedo-la-palabra-y-no-quiero-mentir-canta-santiago-del-nuevo-extremo","status":"publish","type":"post","link":"https:\/\/www.radiopresidenteibanez.cl\/web\/solo-quiero-cantar-en-presente-y-poderte-decir-pero-muda-quedo-la-palabra-y-no-quiero-mentir-canta-santiago-del-nuevo-extremo\/","title":{"rendered":"\u00ab..Solo quiero cantar en presente y poderte decir pero muda qued\u00f3 la palabra y no quiero mentir ..\u00bb canta Santiago del Nuevo Extremo"},"content":{"rendered":"\n<p>Nos dimos algunos d\u00edas para poder referirnos a la serie de incendios que asolan en este minuto al centro sur de nuestro pa\u00eds y que hasta ahora han costado decenas de vidas, adem\u00e1s de una enorme p\u00e9rdida de casas, \u00e1reas de sembrados, bosques y animales. Una desgracia por donde se le mire y que es una constante que lamentablemente no puede darse por concluida definitivamente con las medidas tomadas.<br>Nadie puede evitar que a futuro aparezcan otros insanos, que disfrutan provocando incendios, o bien aquellos interesados en crear una sensaci\u00f3n de inseguridad provocando estos incendios con fines de cualquier tipo.<br>Esta cuesti\u00f3n va m\u00e1s all\u00e1 de los gobiernos, por lo que es poco rentable responsabilizar a este u otro presidente por lo que acontece.<br>Lo que aqu\u00ed existe es una deficiente pol\u00edtica de Estado, que no ha considerado la necesidad de invertir en aviones u otros elementos que est\u00e9n a disposici\u00f3n inmediata cada vez que hay algo similar, as\u00ed como suficientes brigadas contra incendios y sueldos suficientes a los brigadistas que exponen su vida cuando estos hechos suceden.<br>\u00bfQue estar\u00e1n sin funcionamiento si no hay incendios?, bueno y que tiene, \u00bfcomo se gastan miles de millones en sostener el andamiaje b\u00e9lico de fuerzas armadas que permanecen ociosas, desarrollando solo ejercicios de guerra ante conflictos inexistentes?.<br>Compren aviones y camiones para transportar agua y tengan campamentos con personal que responda de inmediato a algo que es tan com\u00fan en nuestro Chile. Establezcan de una vez sanciones ejemplificadoras contra quienes provocan incendios, as\u00ed como contra aquellos que se apoderan del agua para fines personales, mientras en su entorno la sequ\u00eda y las carencias son el pan de cada d\u00eda.<\/p>\n\n\n\n<p>2.- Personas que se salvan metidos en una piscina, que se ve bastante grande en las im\u00e1genes, en un mismo sector donde se quemaron casas por carencia de agua.<br>\u00bfQuien cuenta con recursos suficientes para disponer de agua en los mismos lugares donde los animales se mueren de sed y se secan los campos por que no hay agua suficiente?.<br>O se cambian dr\u00e1stica y urgentemente las pol\u00edticas de Estado para responder como corresponde a estas cat\u00e1strofes, o vamos a tener que seguir dependiendo de acciones de solidaridad para responder a desgracias que pudieron evitarse.<br>Ese y no otro es el gran problema al que se debe hincar el diente.<\/p>\n","protected":false},"excerpt":{"rendered":"<p>Nos dimos algunos d\u00edas para poder referirnos a la serie de incendios que asolan en este minuto al centro sur de nuestro pa\u00eds y que hasta ahora han costado decenas&#8230; <a class=\"read-more\" href=\"https:\/\/www.radiopresidenteibanez.cl\/web\/solo-quiero-cantar-en-presente-y-poderte-decir-pero-muda-quedo-la-palabra-y-no-quiero-mentir-canta-santiago-del-nuevo-extremo\/\">Leer m\u00e1s<\/a><\/p>\n","protected":false},"author":2,"featured_media":37395,"comment_status":"closed","ping_status":"closed","sticky":false,"template":"","format":"standard","meta":{"footnotes":""},"categories":[1],"tags":[],"class_list":["post-37394","post","type-post","status-publish","format-standard","has-post-thumbnail","hentry","category-cronica"],"_links":{"self":[{"href":"https:\/\/www.radiopresidenteibanez.cl\/web\/wp-json\/wp\/v2\/posts\/37394","targetHints":{"allow":["GET"]}}],"collection":[{"href":"https:\/\/www.radiopresidenteibanez.cl\/web\/wp-json\/wp\/v2\/posts"}],"about":[{"href":"https:\/\/www.radiopresidenteibanez.cl\/web\/wp-json\/wp\/v2\/types\/post"}],"author":[{"embeddable":true,"href":"https:\/\/www.radiopresidenteibanez.cl\/web\/wp-json\/wp\/v2\/users\/2"}],"replies":[{"embeddable":true,"href":"https:\/\/www.radiopresidenteibanez.cl\/web\/wp-json\/wp\/v2\/comments?post=37394"}],"version-history":[{"count":0,"href":"https:\/\/www.radiopresidenteibanez.cl\/web\/wp-json\/wp\/v2\/posts\/37394\/revisions"}],"wp:featuredmedia":[{"embeddable":true,"href":"https:\/\/www.radiopresidenteibanez.cl\/web\/wp-json\/wp\/v2\/media\/37395"}],"wp:attachment":[{"href":"https:\/\/www.radiopresidenteibanez.cl\/web\/wp-json\/wp\/v2\/media?parent=37394"}],"wp:term":[{"taxonomy":"category","embeddable":true,"href":"https:\/\/www.radiopresidenteibanez.cl\/web\/wp-json\/wp\/v2\/categories?post=37394"},{"taxonomy":"post_tag","embeddable":true,"href":"https:\/\/www.radiopresidenteibanez.cl\/web\/wp-json\/wp\/v2\/tags?post=37394"}],"curies":[{"name":"wp","href":"https:\/\/api.w.org\/{rel}","templated":true}]}}