{"id":37386,"date":"2023-02-11T16:42:00","date_gmt":"2023-02-11T19:42:00","guid":{"rendered":"https:\/\/www.radiopresidenteibanez.cl\/web\/?p=37386"},"modified":"2023-02-11T00:16:00","modified_gmt":"2023-02-11T03:16:00","slug":"magallanes-sernapesca-detecta-nuevo-foco-de-contaminacion-proveniente-de-la-actividad-acuicola","status":"publish","type":"post","link":"https:\/\/www.radiopresidenteibanez.cl\/web\/magallanes-sernapesca-detecta-nuevo-foco-de-contaminacion-proveniente-de-la-actividad-acuicola\/","title":{"rendered":"Magallanes: Sernapesca detecta nuevo foco de contaminaci\u00f3n proveniente de la actividad acu\u00edcola"},"content":{"rendered":"\n<p>En una nueva inspecci\u00f3n, esta vez en sectores del seno Obstrucci\u00f3n, Estero Eberhard, Bah\u00eda Desenga\u00f1o, Bah\u00eda Talcahuano e Isla Humberto, funcionarios del Servicio Nacional de Pesca y Acuicultura (Sernapesca) del \u00e1rea de acuicultura de la regi\u00f3n de Magallanes descubrieron nuevos focos de contaminaci\u00f3n con desechos provenientes de la acuicultura.<\/p>\n\n\n\n<p>Con fechas 6 y 7 de febrero los funcionarios de la entidad fiscalizadora recorrieron un total de 30 km a pie. La inspecci\u00f3n, que adem\u00e1s fue apoyada con un drone, les permiti\u00f3 detectar diversos puntos de contaminaci\u00f3n donde encontraron cabos, boyas de gran tama\u00f1o, maxi sacos, tubos, entre otros, raz\u00f3n por la cual se notific\u00f3 a las empresas aleda\u00f1as a los sectores afectados: Australis Mar, Blumar Magallanes, Nova Austral y Aquachile.<\/p>\n\n\n\n<p>Las empresas tienen 10 d\u00edas para llevar a cabo el retiro de estos desechos, plazo establecido por la normativa vigente. De lo contrario Sernapesca realizar\u00e1 las denuncias respectivas ante la Superintendencia del Medio Ambiente.<\/p>\n\n\n\n<p>El Director Regional de Sernapesca Magallanes, Patricio D\u00edaz, coment\u00f3, \u201cReitero que de acuerdo a lo que establece la normativa vigente, las empresas acu\u00edcolas est\u00e1n obligadas a mantener las playas aleda\u00f1as limpias, libres de contaminaci\u00f3n. Por nuestra parte continuaremos fiscalizando y hacemos un llamado a las empresas a que se hagan responsables de los residuos que generan.\u201d<\/p>\n","protected":false},"excerpt":{"rendered":"<p>En una nueva inspecci\u00f3n, esta vez en sectores del seno Obstrucci\u00f3n, Estero Eberhard, Bah\u00eda Desenga\u00f1o, Bah\u00eda Talcahuano e Isla Humberto, funcionarios del Servicio Nacional de Pesca y Acuicultura (Sernapesca) del&#8230; <a class=\"read-more\" href=\"https:\/\/www.radiopresidenteibanez.cl\/web\/magallanes-sernapesca-detecta-nuevo-foco-de-contaminacion-proveniente-de-la-actividad-acuicola\/\">Leer m\u00e1s<\/a><\/p>\n","protected":false},"author":2,"featured_media":37390,"comment_status":"closed","ping_status":"closed","sticky":false,"template":"","format":"standard","meta":{"footnotes":""},"categories":[1],"tags":[],"class_list":["post-37386","post","type-post","status-publish","format-standard","has-post-thumbnail","hentry","category-cronica"],"_links":{"self":[{"href":"https:\/\/www.radiopresidenteibanez.cl\/web\/wp-json\/wp\/v2\/posts\/37386","targetHints":{"allow":["GET"]}}],"collection":[{"href":"https:\/\/www.radiopresidenteibanez.cl\/web\/wp-json\/wp\/v2\/posts"}],"about":[{"href":"https:\/\/www.radiopresidenteibanez.cl\/web\/wp-json\/wp\/v2\/types\/post"}],"author":[{"embeddable":true,"href":"https:\/\/www.radiopresidenteibanez.cl\/web\/wp-json\/wp\/v2\/users\/2"}],"replies":[{"embeddable":true,"href":"https:\/\/www.radiopresidenteibanez.cl\/web\/wp-json\/wp\/v2\/comments?post=37386"}],"version-history":[{"count":0,"href":"https:\/\/www.radiopresidenteibanez.cl\/web\/wp-json\/wp\/v2\/posts\/37386\/revisions"}],"wp:featuredmedia":[{"embeddable":true,"href":"https:\/\/www.radiopresidenteibanez.cl\/web\/wp-json\/wp\/v2\/media\/37390"}],"wp:attachment":[{"href":"https:\/\/www.radiopresidenteibanez.cl\/web\/wp-json\/wp\/v2\/media?parent=37386"}],"wp:term":[{"taxonomy":"category","embeddable":true,"href":"https:\/\/www.radiopresidenteibanez.cl\/web\/wp-json\/wp\/v2\/categories?post=37386"},{"taxonomy":"post_tag","embeddable":true,"href":"https:\/\/www.radiopresidenteibanez.cl\/web\/wp-json\/wp\/v2\/tags?post=37386"}],"curies":[{"name":"wp","href":"https:\/\/api.w.org\/{rel}","templated":true}]}}