{"id":3736,"date":"2019-04-28T13:13:30","date_gmt":"2019-04-28T13:13:30","guid":{"rendered":"http:\/\/www.radiopresidenteibanez.cl\/web\/?p=3736"},"modified":"2019-04-28T13:13:55","modified_gmt":"2019-04-28T13:13:55","slug":"dos-listas-iran-por-el-regional-en-las-elecciones-internas-del-partido-socialista-en-magallanes","status":"publish","type":"post","link":"https:\/\/www.radiopresidenteibanez.cl\/web\/dos-listas-iran-por-el-regional-en-las-elecciones-internas-del-partido-socialista-en-magallanes\/","title":{"rendered":"DOS LISTAS IR\u00c1N POR EL REGIONAL EN LAS ELECCIONES INTERNAS DEL PARTIDO SOCIALISTA EN MAGALLANES"},"content":{"rendered":"\n<p> Con absoluta normalidad y dentro de los plazos establecidos, se llev\u00f3 a cabo el d\u00eda de ayer, el proceso regional y comunal de inscripci\u00f3n de candidaturas en el Partido Socialista de Chile, para las pr\u00f3ximas elecciones internas, las que se llevar\u00e1n a efecto el pr\u00f3ximo 26 de Mayo de 2019.\u00a0<\/p>\n\n\n\n<p>En total 64 militantes, 32 mujeres y 32 hombres\u00a0 inscribieron sus candidaturas para participar a nivel regional y en las comunas de Punta Arenas, Puerto Natales y Puerto Porvenir,\u00a0 en esta primera elecci\u00f3n de car\u00e1cter paritario que tendr\u00e1 el Partido Socialista de Chile, lo que la transforma, en un hito hist\u00f3rico de reconocimiento a la participaci\u00f3n pol\u00edtica igualitaria tanto de mujeres como de hombres en nuestra instituci\u00f3n. <\/p>\n\n\n\n<p>Dos listas a nivel regional y tres listas a nivel comunal competir\u00e1n en estos comicios con miras a dirigir en los pr\u00f3ximos 2 a\u00f1os, los destinos del partido socialista en Magallanes, que cumple en este mes 86 a\u00f1os de vida.\u00a0\u00a0 <\/p>\n\n\n\n<figure class=\"wp-block-image\"><img loading=\"lazy\" decoding=\"async\" width=\"1024\" height=\"599\" src=\"https:\/\/www.radiopresidenteibanez.cl\/web\/wp-content\/uploads\/2019\/04\/Partido-Socialista-de-Chile-1024x599.png\" alt=\"\" class=\"wp-image-3737\" srcset=\"https:\/\/www.radiopresidenteibanez.cl\/web\/wp-content\/uploads\/2019\/04\/Partido-Socialista-de-Chile-1024x599.png 1024w, https:\/\/www.radiopresidenteibanez.cl\/web\/wp-content\/uploads\/2019\/04\/Partido-Socialista-de-Chile-300x176.png 300w, https:\/\/www.radiopresidenteibanez.cl\/web\/wp-content\/uploads\/2019\/04\/Partido-Socialista-de-Chile-768x449.png 768w, https:\/\/www.radiopresidenteibanez.cl\/web\/wp-content\/uploads\/2019\/04\/Partido-Socialista-de-Chile.png 1193w\" sizes=\"auto, (max-width: 1024px) 100vw, 1024px\" \/><\/figure>\n","protected":false},"excerpt":{"rendered":"<p>Con absoluta normalidad y dentro de los plazos establecidos, se llev\u00f3 a cabo el d\u00eda de ayer, el proceso regional y comunal de inscripci\u00f3n de candidaturas en el Partido Socialista&#8230; <a class=\"read-more\" href=\"https:\/\/www.radiopresidenteibanez.cl\/web\/dos-listas-iran-por-el-regional-en-las-elecciones-internas-del-partido-socialista-en-magallanes\/\">Leer m\u00e1s<\/a><\/p>\n","protected":false},"author":2,"featured_media":3737,"comment_status":"closed","ping_status":"closed","sticky":false,"template":"","format":"standard","meta":{"footnotes":""},"categories":[5],"tags":[],"class_list":["post-3736","post","type-post","status-publish","format-standard","has-post-thumbnail","hentry","category-politica"],"_links":{"self":[{"href":"https:\/\/www.radiopresidenteibanez.cl\/web\/wp-json\/wp\/v2\/posts\/3736","targetHints":{"allow":["GET"]}}],"collection":[{"href":"https:\/\/www.radiopresidenteibanez.cl\/web\/wp-json\/wp\/v2\/posts"}],"about":[{"href":"https:\/\/www.radiopresidenteibanez.cl\/web\/wp-json\/wp\/v2\/types\/post"}],"author":[{"embeddable":true,"href":"https:\/\/www.radiopresidenteibanez.cl\/web\/wp-json\/wp\/v2\/users\/2"}],"replies":[{"embeddable":true,"href":"https:\/\/www.radiopresidenteibanez.cl\/web\/wp-json\/wp\/v2\/comments?post=3736"}],"version-history":[{"count":0,"href":"https:\/\/www.radiopresidenteibanez.cl\/web\/wp-json\/wp\/v2\/posts\/3736\/revisions"}],"wp:featuredmedia":[{"embeddable":true,"href":"https:\/\/www.radiopresidenteibanez.cl\/web\/wp-json\/wp\/v2\/media\/3737"}],"wp:attachment":[{"href":"https:\/\/www.radiopresidenteibanez.cl\/web\/wp-json\/wp\/v2\/media?parent=3736"}],"wp:term":[{"taxonomy":"category","embeddable":true,"href":"https:\/\/www.radiopresidenteibanez.cl\/web\/wp-json\/wp\/v2\/categories?post=3736"},{"taxonomy":"post_tag","embeddable":true,"href":"https:\/\/www.radiopresidenteibanez.cl\/web\/wp-json\/wp\/v2\/tags?post=3736"}],"curies":[{"name":"wp","href":"https:\/\/api.w.org\/{rel}","templated":true}]}}