{"id":37342,"date":"2023-02-10T11:29:00","date_gmt":"2023-02-10T14:29:00","guid":{"rendered":"https:\/\/www.radiopresidenteibanez.cl\/web\/?p=37342"},"modified":"2023-02-10T10:17:09","modified_gmt":"2023-02-10T13:17:09","slug":"aporte-de-privados-para-dos-exhibiciones-mas-de-cacique-mulato-la-leyenda-de-chumjaluwun","status":"publish","type":"post","link":"https:\/\/www.radiopresidenteibanez.cl\/web\/aporte-de-privados-para-dos-exhibiciones-mas-de-cacique-mulato-la-leyenda-de-chumjaluwun\/","title":{"rendered":"Aporte de privados para dos exhibiciones m\u00e1s de \u201cCacique Mulato, la leyenda de Chumjaluwun\u201d.\u201d"},"content":{"rendered":"\n<p>Dos empresarios regionales, realizaron un aporte de manera an\u00f3nima para que se realicen dos exhibiciones m\u00e1s de la pel\u00edcula regional \u201cCacique Mulato la leyenda de Chumjaluwun\u201d, de esta manera la exitosa pel\u00edcula seguir\u00e1 sumando funciones en la capital regional.<\/p>\n\n\n\n<p>Se estima que hasta ahora m\u00e1s de &nbsp;&nbsp;2000 espectadores &nbsp;han asistido a las primeras exhibiciones de la pel\u00edcula.<\/p>\n\n\n\n<p>La Corporaci\u00f3n de Cine de Magallanes, agradeci\u00f3 la respuesta del p\u00fablico que ha &nbsp;coronado con aplausos cada una de las exhibiciones y ha&nbsp; entregado &nbsp;al equipo de producci\u00f3n felicitaciones y agradecimientos por el trabajo realizado, &nbsp;&nbsp;tambi\u00e9n agradeci\u00f3 a las empresas que han financiado &nbsp;funciones como &nbsp;Pesca Chile, Aguas Magallanes, Sociedad Comercial Cometsur Ltda., &nbsp;y Fundaci\u00f3n Sacha.<\/p>\n\n\n\n<p>Por otra parte, la producci\u00f3n de la pel\u00edcula, acogi\u00f3 el inter\u00e9s de las comunidades Tehuelches de la Provincia de Santa Cruz en Argentina, y se comprometi\u00f3 para realizar una exhibici\u00f3n especial de la pel\u00edcula el s\u00e1bado &nbsp;25 de febrero en R\u00edo&nbsp;Gallegos y el Domingo 26 en la localidad de Camusu Aike, hasta donde concurrir\u00e1n Jorge Grez (director), Maritza Romero , (guionista), Mauricio Bahamondes (Mulato) y Francisco D\u00edaz &nbsp;(actor \/productor). Paralelamente se realizan gestiones para postular la pel\u00edcula a festivales nacionales e internacionales.<\/p>\n\n\n\n<p>Las dos nuevas funciones se programaron para el martes 14 y para el mi\u00e9rcoles 15 de febrero, ambas funciones a las 20.00 horas en Sala&nbsp; Estrella en donde desde ya se pueden retirar los tickets de los asientos. Las exhibiciones siguen siendo gratuitas.<\/p>\n","protected":false},"excerpt":{"rendered":"<p>Dos empresarios regionales, realizaron un aporte de manera an\u00f3nima para que se realicen dos exhibiciones m\u00e1s de la pel\u00edcula regional \u201cCacique Mulato la leyenda de Chumjaluwun\u201d, de esta manera la&#8230; <a class=\"read-more\" href=\"https:\/\/www.radiopresidenteibanez.cl\/web\/aporte-de-privados-para-dos-exhibiciones-mas-de-cacique-mulato-la-leyenda-de-chumjaluwun\/\">Leer m\u00e1s<\/a><\/p>\n","protected":false},"author":2,"featured_media":37343,"comment_status":"closed","ping_status":"closed","sticky":false,"template":"","format":"standard","meta":{"footnotes":""},"categories":[1],"tags":[],"class_list":["post-37342","post","type-post","status-publish","format-standard","has-post-thumbnail","hentry","category-cronica"],"_links":{"self":[{"href":"https:\/\/www.radiopresidenteibanez.cl\/web\/wp-json\/wp\/v2\/posts\/37342","targetHints":{"allow":["GET"]}}],"collection":[{"href":"https:\/\/www.radiopresidenteibanez.cl\/web\/wp-json\/wp\/v2\/posts"}],"about":[{"href":"https:\/\/www.radiopresidenteibanez.cl\/web\/wp-json\/wp\/v2\/types\/post"}],"author":[{"embeddable":true,"href":"https:\/\/www.radiopresidenteibanez.cl\/web\/wp-json\/wp\/v2\/users\/2"}],"replies":[{"embeddable":true,"href":"https:\/\/www.radiopresidenteibanez.cl\/web\/wp-json\/wp\/v2\/comments?post=37342"}],"version-history":[{"count":0,"href":"https:\/\/www.radiopresidenteibanez.cl\/web\/wp-json\/wp\/v2\/posts\/37342\/revisions"}],"wp:featuredmedia":[{"embeddable":true,"href":"https:\/\/www.radiopresidenteibanez.cl\/web\/wp-json\/wp\/v2\/media\/37343"}],"wp:attachment":[{"href":"https:\/\/www.radiopresidenteibanez.cl\/web\/wp-json\/wp\/v2\/media?parent=37342"}],"wp:term":[{"taxonomy":"category","embeddable":true,"href":"https:\/\/www.radiopresidenteibanez.cl\/web\/wp-json\/wp\/v2\/categories?post=37342"},{"taxonomy":"post_tag","embeddable":true,"href":"https:\/\/www.radiopresidenteibanez.cl\/web\/wp-json\/wp\/v2\/tags?post=37342"}],"curies":[{"name":"wp","href":"https:\/\/api.w.org\/{rel}","templated":true}]}}