{"id":37339,"date":"2023-02-10T08:21:00","date_gmt":"2023-02-10T11:21:00","guid":{"rendered":"https:\/\/www.radiopresidenteibanez.cl\/web\/?p=37339"},"modified":"2023-02-10T10:13:33","modified_gmt":"2023-02-10T13:13:33","slug":"sequia-en-magallanes","status":"publish","type":"post","link":"https:\/\/www.radiopresidenteibanez.cl\/web\/sequia-en-magallanes\/","title":{"rendered":"Sequ\u00eda en Magallanes"},"content":{"rendered":"\n<p>El 2022 cayeron 193 mil\u00edmetros de agua en Punta Arenas, o sea la mitad de los 390 mil\u00edmetros que<br>representan el \u201ca\u00f1o normal\u201d de dicha ciudad para la Direcci\u00f3n Meteorol\u00f3gica de Chile. Laguna<br>Blanca, un lago natural que adem\u00e1s de mantener la flora y fauna de su ecosistema, sustenta una<br>serie de producciones ganaderas a su alrededor, literalmente se hizo polvo pues Magallanes<br>padeci\u00f3 el a\u00f1o m\u00e1s seco en por lo menos 50 a\u00f1os.<br>Para enfrentar esta crisis h\u00eddrica, el ministerio de Agricultura declar\u00f3 la regi\u00f3n como zona de<br>Emergencia Agr\u00edcola procurando coordinar una serie de ayudas reactivas a los peque\u00f1os<br>agricultores a trav\u00e9s del Indap. La paradoja es que en Magallanes abunda el agua, al igual que en<br>todo el resto del pa\u00eds. La regi\u00f3n cuenta con una gran extensi\u00f3n de costa desde donde se podr\u00edan<br>abastecer ciudades, poblaciones rurales, actividades agr\u00edcolas y ganaderas e industriales como el<br>hidr\u00f3geno verde, adem\u00e1s de reponer acu\u00edferos y ecosistemas afectados a trav\u00e9s de la<br>desalinizaci\u00f3n.<br>Mientras en Israel vuelven a llenar el Mar de Galilea con agua desalinizada del Mediterr\u00e1neo,<br>abasteciendo a Jordania en el camino, en Chile continuamos tratando de resolver emergencias con<br>medidas que se limitan a administrar la escasez.<\/p>\n\n\n\n<p>Rafael Palacios<br>Vicepresidente de la Asociaci\u00f3n Chilena de Desalinizaci\u00f3n (ACADES).<\/p>\n","protected":false},"excerpt":{"rendered":"<p>El 2022 cayeron 193 mil\u00edmetros de agua en Punta Arenas, o sea la mitad de los 390 mil\u00edmetros querepresentan el \u201ca\u00f1o normal\u201d de dicha ciudad para la Direcci\u00f3n Meteorol\u00f3gica de&#8230; <a class=\"read-more\" href=\"https:\/\/www.radiopresidenteibanez.cl\/web\/sequia-en-magallanes\/\">Leer m\u00e1s<\/a><\/p>\n","protected":false},"author":2,"featured_media":37340,"comment_status":"closed","ping_status":"closed","sticky":false,"template":"","format":"standard","meta":{"footnotes":""},"categories":[1],"tags":[],"class_list":["post-37339","post","type-post","status-publish","format-standard","has-post-thumbnail","hentry","category-cronica"],"_links":{"self":[{"href":"https:\/\/www.radiopresidenteibanez.cl\/web\/wp-json\/wp\/v2\/posts\/37339","targetHints":{"allow":["GET"]}}],"collection":[{"href":"https:\/\/www.radiopresidenteibanez.cl\/web\/wp-json\/wp\/v2\/posts"}],"about":[{"href":"https:\/\/www.radiopresidenteibanez.cl\/web\/wp-json\/wp\/v2\/types\/post"}],"author":[{"embeddable":true,"href":"https:\/\/www.radiopresidenteibanez.cl\/web\/wp-json\/wp\/v2\/users\/2"}],"replies":[{"embeddable":true,"href":"https:\/\/www.radiopresidenteibanez.cl\/web\/wp-json\/wp\/v2\/comments?post=37339"}],"version-history":[{"count":0,"href":"https:\/\/www.radiopresidenteibanez.cl\/web\/wp-json\/wp\/v2\/posts\/37339\/revisions"}],"wp:featuredmedia":[{"embeddable":true,"href":"https:\/\/www.radiopresidenteibanez.cl\/web\/wp-json\/wp\/v2\/media\/37340"}],"wp:attachment":[{"href":"https:\/\/www.radiopresidenteibanez.cl\/web\/wp-json\/wp\/v2\/media?parent=37339"}],"wp:term":[{"taxonomy":"category","embeddable":true,"href":"https:\/\/www.radiopresidenteibanez.cl\/web\/wp-json\/wp\/v2\/categories?post=37339"},{"taxonomy":"post_tag","embeddable":true,"href":"https:\/\/www.radiopresidenteibanez.cl\/web\/wp-json\/wp\/v2\/tags?post=37339"}],"curies":[{"name":"wp","href":"https:\/\/api.w.org\/{rel}","templated":true}]}}