{"id":3733,"date":"2019-04-28T13:07:08","date_gmt":"2019-04-28T13:07:08","guid":{"rendered":"http:\/\/www.radiopresidenteibanez.cl\/web\/?p=3733"},"modified":"2019-04-28T13:07:33","modified_gmt":"2019-04-28T13:07:33","slug":"sindicatos-de-mina-invierno-rechazan-reconversion-laboral-propuesta-por-senadora-goic","status":"publish","type":"post","link":"https:\/\/www.radiopresidenteibanez.cl\/web\/sindicatos-de-mina-invierno-rechazan-reconversion-laboral-propuesta-por-senadora-goic\/","title":{"rendered":"SINDICATOS DE MINA INVIERNO RECHAZAN RECONVERSI\u00d3N LABORAL PROPUESTA POR SENADORA GOIC"},"content":{"rendered":"\n<p>Los sindicatos de Mina Invierno se manifestaron contrarios al proceso de reconversi\u00f3n laboral que lleva adelante la senadora (DC) Carolina Goic con el prop\u00f3sito de hacer creer a los m\u00e1s de mil trabajadores que desarrollan sus actividades en la extracci\u00f3n del carb\u00f3n que si la empresa cierra ellos encontrar\u00e1n empleo.<\/p>\n\n\n\n<p>En ese sentido los gremios aclararon que un peque\u00f1o grupo de trabajadores, que no representan m\u00e1s del 30% de los trabajadores afectados, respaldan la iniciativa de la parlamentaria quien ha realizado diversas acciones en torno a entorpecer el trabajo de Mina Invierno en Magallanes afectando con ello la estabilidad de los trabajadores.<\/p>\n\n\n\n<p>Los Sindicatos y colaboradores de Mina Invierno \u201cexigimos que se levante la medida cautelar impuesta por el Tribunal Ambiental de Valdivia y podamos seguir trabajando con empleos de calidad, en Mina Invierno\u201d, expresaron.<\/p>\n\n\n\n<p>Se\u00f1alaron que la incorporaci\u00f3n de tronaduras \u201cest\u00e1 aprobado por todos los entes gubernamentales, a los que se les ha pedido informes, para su correcta concreci\u00f3n, por lo que los sindicatos de Mina Invierno seguiremos luchando y reclamando porque se levante esta medida cautelar.\u201d<\/p>\n\n\n\n<p>\u201cQueremos dejar en claro que la senadora Goic nunca estuvo de acuerdo con el proyecto Mina Invierno y nos parece fuera de lugar que, ahora, cuando se ve en riesgo la continuidad de este se pronuncie con una iniciativa de reconversi\u00f3n que no es viable porque no existe en Magallanes ninguna actividad productiva que pueda absorber a mil trabajadores con las misma condiciones laborales que tenemos actualmente. La se\u00f1ora Goic simplemente est\u00e1 utilizando nuestra incertidumbre para aprovecho pol\u00edtico y eso es inaceptable.\u201d&nbsp;<\/p>\n\n\n\n<p>Asimismo, los gremios calificaron de \u201cceguera de grupos ambientalistas\u201d al creer que con el cierre de Mina Invierno eliminar\u00e1 la producci\u00f3n t\u00e9rmica de energ\u00eda en Chile. \u201cSi Mina Invierno cierra, el pa\u00eds seguir\u00e1 quemando carb\u00f3n alto en azufre probablemente proveniente de Colombia\u201d, explicaron, agregando que \u201ccomo pa\u00eds externalizaremos nuestra huella de carbono y diremos al mundo que somos ambientalistas.\u201d<\/p>\n\n\n\n<p>Las declaraciones de los trabajadores fueron suscritas por el Sindicato Mina Invierno, Sindicato Equipos Mineros R\u00edo Grande, Sindicato N\u00b02 de Producci\u00f3n y Servicio Mineros, Sindicato Profesionales y Supervisores Mina Invierno, Sindicato Establecimientos Bailac Magallanes y empresas colaboradoras.<\/p>\n\n\n\n<figure class=\"wp-block-image\"><img loading=\"lazy\" decoding=\"async\" width=\"520\" height=\"343\" src=\"http:\/\/www.radiopresidenteibanez.cl\/web\/wp-content\/uploads\/2019\/04\/goic-A1.jpg\" alt=\"\" class=\"wp-image-3734\" srcset=\"https:\/\/www.radiopresidenteibanez.cl\/web\/wp-content\/uploads\/2019\/04\/goic-A1.jpg 520w, https:\/\/www.radiopresidenteibanez.cl\/web\/wp-content\/uploads\/2019\/04\/goic-A1-300x198.jpg 300w\" sizes=\"auto, (max-width: 520px) 100vw, 520px\" \/><\/figure>\n\n\n\n<p><br><\/p>\n","protected":false},"excerpt":{"rendered":"<p>Los sindicatos de Mina Invierno se manifestaron contrarios al proceso de reconversi\u00f3n laboral que lleva adelante la senadora (DC) Carolina Goic con el prop\u00f3sito de hacer creer a los m\u00e1s&#8230; <a class=\"read-more\" href=\"https:\/\/www.radiopresidenteibanez.cl\/web\/sindicatos-de-mina-invierno-rechazan-reconversion-laboral-propuesta-por-senadora-goic\/\">Leer m\u00e1s<\/a><\/p>\n","protected":false},"author":2,"featured_media":3734,"comment_status":"closed","ping_status":"closed","sticky":false,"template":"","format":"standard","meta":{"footnotes":""},"categories":[1],"tags":[],"class_list":["post-3733","post","type-post","status-publish","format-standard","has-post-thumbnail","hentry","category-cronica"],"_links":{"self":[{"href":"https:\/\/www.radiopresidenteibanez.cl\/web\/wp-json\/wp\/v2\/posts\/3733","targetHints":{"allow":["GET"]}}],"collection":[{"href":"https:\/\/www.radiopresidenteibanez.cl\/web\/wp-json\/wp\/v2\/posts"}],"about":[{"href":"https:\/\/www.radiopresidenteibanez.cl\/web\/wp-json\/wp\/v2\/types\/post"}],"author":[{"embeddable":true,"href":"https:\/\/www.radiopresidenteibanez.cl\/web\/wp-json\/wp\/v2\/users\/2"}],"replies":[{"embeddable":true,"href":"https:\/\/www.radiopresidenteibanez.cl\/web\/wp-json\/wp\/v2\/comments?post=3733"}],"version-history":[{"count":0,"href":"https:\/\/www.radiopresidenteibanez.cl\/web\/wp-json\/wp\/v2\/posts\/3733\/revisions"}],"wp:featuredmedia":[{"embeddable":true,"href":"https:\/\/www.radiopresidenteibanez.cl\/web\/wp-json\/wp\/v2\/media\/3734"}],"wp:attachment":[{"href":"https:\/\/www.radiopresidenteibanez.cl\/web\/wp-json\/wp\/v2\/media?parent=3733"}],"wp:term":[{"taxonomy":"category","embeddable":true,"href":"https:\/\/www.radiopresidenteibanez.cl\/web\/wp-json\/wp\/v2\/categories?post=3733"},{"taxonomy":"post_tag","embeddable":true,"href":"https:\/\/www.radiopresidenteibanez.cl\/web\/wp-json\/wp\/v2\/tags?post=3733"}],"curies":[{"name":"wp","href":"https:\/\/api.w.org\/{rel}","templated":true}]}}