{"id":37323,"date":"2023-02-09T14:09:00","date_gmt":"2023-02-09T17:09:00","guid":{"rendered":"https:\/\/www.radiopresidenteibanez.cl\/web\/?p=37323"},"modified":"2023-02-08T23:12:01","modified_gmt":"2023-02-09T02:12:01","slug":"avanzan-obras-viales-en-torres-del-paine-para-mejorar-las-condiciones-de-conectividad-en-la-comuna","status":"publish","type":"post","link":"https:\/\/www.radiopresidenteibanez.cl\/web\/avanzan-obras-viales-en-torres-del-paine-para-mejorar-las-condiciones-de-conectividad-en-la-comuna\/","title":{"rendered":"Avanzan obras viales en Torres del Paine para mejorar las condiciones de conectividad en la comuna"},"content":{"rendered":"\n<p>La Delegada Presidencial Regional, Luz Berm\u00fadez Sandoval, se<br>traslad\u00f3 hasta la Provincia de \u00daltima Esperanza, para supervisar en terreno el avance de un<br>conjunto de obras viales dise\u00f1adas&nbsp;para mejorar la conectividad y fomentar el desarrollo<br>productivo, especialmente tur\u00edstico, en la comuna Torres del Paine. Acompa\u00f1ada de la Delegada<br>Presidencial Provincial, Romina \u00c1lvarez, la Secretaria Regional de Obras P\u00fablicas, Dahi\u00e1n Oyarz\u00fan, y<br>el Concejal de la comuna, Edmundo Bilbao, recorrieron el sector interioriz\u00e1ndose del desarrollo de<br>estas importantes inversiones p\u00fablicas.<br>Actualmente el Ministerio de Obras P\u00fablicas, con fondos sectoriales, est\u00e1 ejecutando contratos por<br>un monto de M$57.372.044 para obras y de M$2.502.866 para dise\u00f1o, es decir, casi 60 mil millones<br>de inversi\u00f3n vial en la Comuna. La Delegada Presidencial Regional, Luz Berm\u00fadez, explic\u00f3 que \u201cpara<br>el Presidente Gabriel Boric, es muy importante conectar a las personas, por lo tanto el trabajo de<br>Vialidad en zonas que son muy relevantes para el turismo, para la econom\u00eda, es fundamental. Hay<br>que destacar la calidad del trabajo que se est\u00e1 haciendo, pensado en soluciones permanentes, para<br>as\u00ed poder mejorar no solo el servicio tur\u00edstico, sino tambi\u00e9n a las personas que viven ac\u00e1 y que<br>merecen tener mejores condiciones de conectividad\u201d.<br>Una de las iniciativas de inversi\u00f3n m\u00e1s importantes y esperadas por la Comunidad y por las<br>autoridades del territorio, corresponde a la pavimentaci\u00f3n de 4,8 km en el Sector Tres Pasos, el cual<br>se licit\u00f3 y cuyo presupuesto de oferta se est\u00e1 re evaluando para poder adjudicar en el segundo<br>semestre de 2023, gracias a los instrumentos que el MOP logr\u00f3 implementar junto al Ministerio de<br>Desarrollo Social y Familia y el Ministerio de Hacienda en 2022; cambios transformadores a gran<br>escala que han permitido activar la econom\u00eda y cuidar los empleos.<br>La Seremi del MOP, Dahi\u00e1n Oyarz\u00fan, indic\u00f3 que \u201cpara el Ministerio de Obras P\u00fablicas y para nuestro<br>Gobierno es muy importante hacer y llevar a cabo todos estos mecanismos que dieron facilidades<br>para mantener los contratos en ejecuci\u00f3n y tambi\u00e9n adjudicar obras nuevas. Y este es un buen<br>ejemplo, respecto a la continuidad de la pavimentaci\u00f3n de la ruta Y-150, que unir\u00e1 por fin hasta la<br>Porter\u00eda Sarmiento del Parque Nacional Torres del Paine. Para nosotros es muy importante porque<\/p>\n\n\n\n<p>las obras p\u00fablicas activan la econom\u00eda local, dan mano de obra y, en este caso, mejoran la<br>conectividad de la comuna\u00bb<br>El Ministerio de Obras P\u00fablicas, a trav\u00e9s de la Direcci\u00f3n de Vialidad, adem\u00e1s ejecuta dos contratos<br>de conservaciones de caminos enrolados, vigilando toda la red vial de la Comuna, realizando<br>mantenciones permanentes y con planes de trabajo conforme a las necesidades de cada sector. La<br>Delegada Presidencial Provincial, Romina \u00c1lvarez, manifest\u00f3 que \u201cprincipalmente para el Gobierno<br>de nuestro Presidente Gabriel Boric, y sobre todo para el equipo de trabajo, esto significa<br>centrarnos en diversos ejes, como la conectividad, la descentralizaci\u00f3n y por supuesto la<br>democratizaci\u00f3n de los territorios, conforme a lo que significa habitar en Magallanes y,<br>particularmente, en la provincia de \u00daltima Esperanza\u201d.<br>El concejal de la comuna de Torres del Paine, Edmundo Bilbao, \u201ccomo Concejo Municipal estamos<br>muy contentos de poder echar a andar todo este proyecto, pavimentar la ruta Y-150, conectarla con<br>la ruta 9, llegar hasta la porter\u00eda Sarmiento, saber de la preocupaci\u00f3n de nuestras autoridades a<br>nivel regional y nacional. Saber que ya hay un estudio para poder pavimentar dentro del parque a<br>un futuro no muy lejano. Soluciones para la ruta 290, contar con Vialidad, con su apoyo en el<br>mantenimiento de los caminos que a\u00fan no est\u00e1n pavimentados. La verdad es que nos deja<br>tranquilos\u201d.<\/p>\n","protected":false},"excerpt":{"rendered":"<p>La Delegada Presidencial Regional, Luz Berm\u00fadez Sandoval, setraslad\u00f3 hasta la Provincia de \u00daltima Esperanza, para supervisar en terreno el avance de unconjunto de obras viales dise\u00f1adas&nbsp;para mejorar la conectividad y&#8230; <a class=\"read-more\" href=\"https:\/\/www.radiopresidenteibanez.cl\/web\/avanzan-obras-viales-en-torres-del-paine-para-mejorar-las-condiciones-de-conectividad-en-la-comuna\/\">Leer m\u00e1s<\/a><\/p>\n","protected":false},"author":2,"featured_media":37324,"comment_status":"closed","ping_status":"closed","sticky":false,"template":"","format":"standard","meta":{"footnotes":""},"categories":[1],"tags":[],"class_list":["post-37323","post","type-post","status-publish","format-standard","has-post-thumbnail","hentry","category-cronica"],"_links":{"self":[{"href":"https:\/\/www.radiopresidenteibanez.cl\/web\/wp-json\/wp\/v2\/posts\/37323","targetHints":{"allow":["GET"]}}],"collection":[{"href":"https:\/\/www.radiopresidenteibanez.cl\/web\/wp-json\/wp\/v2\/posts"}],"about":[{"href":"https:\/\/www.radiopresidenteibanez.cl\/web\/wp-json\/wp\/v2\/types\/post"}],"author":[{"embeddable":true,"href":"https:\/\/www.radiopresidenteibanez.cl\/web\/wp-json\/wp\/v2\/users\/2"}],"replies":[{"embeddable":true,"href":"https:\/\/www.radiopresidenteibanez.cl\/web\/wp-json\/wp\/v2\/comments?post=37323"}],"version-history":[{"count":0,"href":"https:\/\/www.radiopresidenteibanez.cl\/web\/wp-json\/wp\/v2\/posts\/37323\/revisions"}],"wp:featuredmedia":[{"embeddable":true,"href":"https:\/\/www.radiopresidenteibanez.cl\/web\/wp-json\/wp\/v2\/media\/37324"}],"wp:attachment":[{"href":"https:\/\/www.radiopresidenteibanez.cl\/web\/wp-json\/wp\/v2\/media?parent=37323"}],"wp:term":[{"taxonomy":"category","embeddable":true,"href":"https:\/\/www.radiopresidenteibanez.cl\/web\/wp-json\/wp\/v2\/categories?post=37323"},{"taxonomy":"post_tag","embeddable":true,"href":"https:\/\/www.radiopresidenteibanez.cl\/web\/wp-json\/wp\/v2\/tags?post=37323"}],"curies":[{"name":"wp","href":"https:\/\/api.w.org\/{rel}","templated":true}]}}