{"id":37320,"date":"2023-02-09T12:47:00","date_gmt":"2023-02-09T15:47:00","guid":{"rendered":"https:\/\/www.radiopresidenteibanez.cl\/web\/?p=37320"},"modified":"2023-02-08T23:09:47","modified_gmt":"2023-02-09T02:09:47","slug":"realizan-taller-para-reciclar-residuos-organicos-a-traves-del-vermicompostaje","status":"publish","type":"post","link":"https:\/\/www.radiopresidenteibanez.cl\/web\/realizan-taller-para-reciclar-residuos-organicos-a-traves-del-vermicompostaje\/","title":{"rendered":"<strong>Realizan taller para reciclar residuos org\u00e1nicos a trav\u00e9s del vermicompostaje<\/strong>"},"content":{"rendered":"\n<p>La sede de la Junta de Vecinos N\u00b048, Goleta Ancud, del sector Archipi\u00e9lago de Chilo\u00e9, fue el escenario donde un grupo de vecinos y vecinas participaron activamente en un taller de vermicompostaje, una t\u00e9cnica de compostaje r\u00e1pido de alimentos que aprovecha la capacidad degradativa de las lombrices como un m\u00e9todo ecol\u00f3gico para darles valor a los residuos org\u00e1nicos,&nbsp;como, por ejemplo,&nbsp;c\u00e1scaras de fruta o verdura, restos de comida, cascarones de huevo, filtros para caf\u00e9, bolsitas de t\u00e9, entre otros.<\/p>\n\n\n\n<p>Se estima que m\u00e1s del 50% de los desechos que van a la basura en los hogares chilenos corresponden a restos de frutas y verduras, que son dif\u00edciles de recolectar a nivel urbano, por su posible contaminaci\u00f3n con residuos no org\u00e1nicos.<\/p>\n\n\n\n<p>Por lo anterior, es que se est\u00e1 coordinando un trabajo colaborativo entre el FOSIS y la Seremi de Medio Ambiente para educar e instalar capacidades en la comunidad local.<\/p>\n\n\n\n<p>El taller const\u00f3 de dos etapas. La primera de car\u00e1cter te\u00f3rico, para posteriormente pasar a la pr\u00e1ctica, donde los participantes construyeron sus propios vermicomposteras.<\/p>\n\n\n\n<p>\u201cMe encant\u00f3. Primera vez que participo en este tipo de actividad, me gusta la naturaleza, la tierra, as\u00ed que s\u00faper bien porque aprend\u00ed a hacer mi propio abono para las plantitas\u201d, se\u00f1al\u00f3 entusiasta Oriana P\u00e9rez, vecina del sector.<\/p>\n\n\n\n<p>Por su parte, Pedro Carvajal, tambi\u00e9n participante del taller destac\u00f3 que \u201cfue una experiencia linda, pr\u00e1ctica, con mucho sentido com\u00fan en cuanto a lo que puedo hacer con los residuos de alimentos que siempre han tenido como direcci\u00f3n \u00faltima el vertedero, y esto te conecta a lo natural, a la realidad nuestra\u201d.<\/p>\n\n\n\n<p>\u201cEste taller es sumamente relevante, genera instancias y espacios de trabajo comunitario que no se dan habitualmente dentro de los barrios y adem\u00e1s genera un trabajo intersectorial sumamente potente, en este caso entre el FOSIS, servicio relacionado al Ministerio de Desarrollo Social y Familia, y la Seremi del Medio Ambiente. Esperamos continuar haciendo este tipo de talleres\u201d, manifest\u00f3 el director regional del FOSIS, Felipe Jeria.<\/p>\n\n\n\n<p>El taller estuvo a cargo del profesional de la Seremi del Medio Ambiente, Jonathan Donaide. \u201cLa idea de hacer estos talleres en base a esta invitaci\u00f3n del trabajo colaborativo del FOSIS implica que nosotros podamos movernos a los barrios para ense\u00f1arles a las personas a trabajar con lombrices y obtener su propio abono, que como subproductos puedes utilizar para sembrar y, por lo tanto, puedes generar tus propios productos vegetales que se pueden hacer desde la casa\u201d.<\/p>\n","protected":false},"excerpt":{"rendered":"<p>La sede de la Junta de Vecinos N\u00b048, Goleta Ancud, del sector Archipi\u00e9lago de Chilo\u00e9, fue el escenario donde un grupo de vecinos y vecinas participaron activamente en un taller&#8230; <a class=\"read-more\" href=\"https:\/\/www.radiopresidenteibanez.cl\/web\/realizan-taller-para-reciclar-residuos-organicos-a-traves-del-vermicompostaje\/\">Leer m\u00e1s<\/a><\/p>\n","protected":false},"author":2,"featured_media":37321,"comment_status":"closed","ping_status":"closed","sticky":false,"template":"","format":"standard","meta":{"footnotes":""},"categories":[1],"tags":[],"class_list":["post-37320","post","type-post","status-publish","format-standard","has-post-thumbnail","hentry","category-cronica"],"_links":{"self":[{"href":"https:\/\/www.radiopresidenteibanez.cl\/web\/wp-json\/wp\/v2\/posts\/37320","targetHints":{"allow":["GET"]}}],"collection":[{"href":"https:\/\/www.radiopresidenteibanez.cl\/web\/wp-json\/wp\/v2\/posts"}],"about":[{"href":"https:\/\/www.radiopresidenteibanez.cl\/web\/wp-json\/wp\/v2\/types\/post"}],"author":[{"embeddable":true,"href":"https:\/\/www.radiopresidenteibanez.cl\/web\/wp-json\/wp\/v2\/users\/2"}],"replies":[{"embeddable":true,"href":"https:\/\/www.radiopresidenteibanez.cl\/web\/wp-json\/wp\/v2\/comments?post=37320"}],"version-history":[{"count":0,"href":"https:\/\/www.radiopresidenteibanez.cl\/web\/wp-json\/wp\/v2\/posts\/37320\/revisions"}],"wp:featuredmedia":[{"embeddable":true,"href":"https:\/\/www.radiopresidenteibanez.cl\/web\/wp-json\/wp\/v2\/media\/37321"}],"wp:attachment":[{"href":"https:\/\/www.radiopresidenteibanez.cl\/web\/wp-json\/wp\/v2\/media?parent=37320"}],"wp:term":[{"taxonomy":"category","embeddable":true,"href":"https:\/\/www.radiopresidenteibanez.cl\/web\/wp-json\/wp\/v2\/categories?post=37320"},{"taxonomy":"post_tag","embeddable":true,"href":"https:\/\/www.radiopresidenteibanez.cl\/web\/wp-json\/wp\/v2\/tags?post=37320"}],"curies":[{"name":"wp","href":"https:\/\/api.w.org\/{rel}","templated":true}]}}