{"id":37317,"date":"2023-02-09T11:37:00","date_gmt":"2023-02-09T14:37:00","guid":{"rendered":"https:\/\/www.radiopresidenteibanez.cl\/web\/?p=37317"},"modified":"2023-02-08T23:05:47","modified_gmt":"2023-02-09T02:05:47","slug":"serviu-realiza-obras-de-proyecto-construccion-de-red-de-semaforos-en-avenida-frei-con-teniente-serrano","status":"publish","type":"post","link":"https:\/\/www.radiopresidenteibanez.cl\/web\/serviu-realiza-obras-de-proyecto-construccion-de-red-de-semaforos-en-avenida-frei-con-teniente-serrano\/","title":{"rendered":"SERVIU REALIZA OBRAS DE PROYECTO CONSTRUCCION DE RED DE SEMAFOROS EN AVENIDA FREI CON TENIENTE SERRANO"},"content":{"rendered":"\n<p>Con obras civiles de sondaje para la aprobaci\u00f3n del trazado de los ductos y la instalaci\u00f3n \u00e9stos, en avenida Frei con Teniente Serrano, el Servicio de Vivienda y Urbanizaci\u00f3n (Serviu) de Magallanes y la Ant\u00e1rtica Chilena ha iniciado la ejecuci\u00f3n de la primera etapa del proyecto de construcci\u00f3n de la \u201cRed de Sem\u00e1foros y Sincronismos\u201d para la ciudad de Punta Arenas, mandatado por la Subsecretar\u00eda de Transportes y financiado por dicho organismo y el Gobierno Regional de Magallanes.&nbsp;Estos trabajos ya se realizaron en ambas pistas de avenida Frei y en Teniente Serrano oriente y actualmente se trabaja en el lado poniente. Posterior a esto, se proceder\u00e1 a pavimentar de a media calzada en cada una de las v\u00edas, con el fin de generar el menor impacto vial posible.&nbsp;Durante las pr\u00f3ximas semanas, adem\u00e1s, las mismas obras se desarrollar\u00e1n en avenida Col\u00f3n con Espa\u00f1a y Zenteno con Independencia.&nbsp;El director subrogante de Serviu Omar Gonzalez Asenjo explic\u00f3 que \u201cServiu ejecuta este proyecto por mandato de la Subsecretaria de Transportes; estamos a cargo de las obras civiles y la funci\u00f3n t\u00e9cnica de inspecci\u00f3n de obras, instancias que cuentan con el apoyo de personal especializado de la Unidad Operativa de Control de Tr\u00e1nsito, para la implementaci\u00f3n de estos nuevos sem\u00e1foros que vienen a contribuir a mejorar la circulaci\u00f3n vehicular y regular puntos conflictivos de tr\u00e1nsito en la ciudad\u201d.&nbsp;Agreg\u00f3 que \u201cseg\u00fan el cronograma de la empresa a cargo de las obras, estamos priorizando realizar las intervenciones en calzada cuanto antes, para terminar con esas partidas y disminuir el impacto en la circulaci\u00f3n cuando comiencen las clases. Sabemos que las obras en calzada generan un impacto en las personas que circulan en veh\u00edculos, por lo que el trabajo que se est\u00e1 realizando, ha sido programado para que provocar los menores trastornos posibles, de acuerdo a la envergadura del proyecto\u201d.&nbsp;Posterior a las canalizaciones se trabajar\u00e1 en superficie para la instalaci\u00f3n de los equipos de semaforizaci\u00f3n y tambi\u00e9n se continuar\u00e1 con la ejecuci\u00f3n de los otros puntos en que se instalar\u00e1n nuevos sem\u00e1foros: avenida Espa\u00f1a con Manantiales y con Ovejero y avenida Bulnes con Manantiales.&nbsp;La empresa constructora AES est\u00e1 a cargo de las obras, con un plazo de 360 d\u00edas para la ejecuci\u00f3n, a partir del pasado 10 de enero y tienen un costo superior a los 1200 millones de pesos.&nbsp;El proyecto corresponde a la primera etapa de construcci\u00f3n de la Red de Sem\u00e1foros y Sincronismos, la que es parte de un plan macro de trabajo, que considera interconectar 135 intersecciones con sem\u00e1foros de la capital regional. De \u00e9stas, corresponde la actualizaci\u00f3n de 81 intersecciones ya semaforizadas pero que cuentan con infraestructura antigua, m\u00e1s 38 ya existentes con infraestructura nueva lista para conectarse a la red, sumando a ellas 16 intersecciones con la instalaci\u00f3n de sem\u00e1foros completamente nuevos, de los cuales seis se ejecutar\u00e1n en esta fase inicial.&nbsp;<\/p>\n\n\n\n<figure class=\"wp-block-table\"><table><tbody><tr><td><\/td><\/tr><\/tbody><\/table><\/figure>\n\n\n\n<figure class=\"wp-block-table\"><table><tbody><tr><td><\/td><\/tr><\/tbody><\/table><\/figure>\n","protected":false},"excerpt":{"rendered":"<p>Con obras civiles de sondaje para la aprobaci\u00f3n del trazado de los ductos y la instalaci\u00f3n \u00e9stos, en avenida Frei con Teniente Serrano, el Servicio de Vivienda y Urbanizaci\u00f3n (Serviu)&#8230; <a class=\"read-more\" href=\"https:\/\/www.radiopresidenteibanez.cl\/web\/serviu-realiza-obras-de-proyecto-construccion-de-red-de-semaforos-en-avenida-frei-con-teniente-serrano\/\">Leer m\u00e1s<\/a><\/p>\n","protected":false},"author":2,"featured_media":37318,"comment_status":"closed","ping_status":"closed","sticky":false,"template":"","format":"standard","meta":{"footnotes":""},"categories":[1],"tags":[],"class_list":["post-37317","post","type-post","status-publish","format-standard","has-post-thumbnail","hentry","category-cronica"],"_links":{"self":[{"href":"https:\/\/www.radiopresidenteibanez.cl\/web\/wp-json\/wp\/v2\/posts\/37317","targetHints":{"allow":["GET"]}}],"collection":[{"href":"https:\/\/www.radiopresidenteibanez.cl\/web\/wp-json\/wp\/v2\/posts"}],"about":[{"href":"https:\/\/www.radiopresidenteibanez.cl\/web\/wp-json\/wp\/v2\/types\/post"}],"author":[{"embeddable":true,"href":"https:\/\/www.radiopresidenteibanez.cl\/web\/wp-json\/wp\/v2\/users\/2"}],"replies":[{"embeddable":true,"href":"https:\/\/www.radiopresidenteibanez.cl\/web\/wp-json\/wp\/v2\/comments?post=37317"}],"version-history":[{"count":0,"href":"https:\/\/www.radiopresidenteibanez.cl\/web\/wp-json\/wp\/v2\/posts\/37317\/revisions"}],"wp:featuredmedia":[{"embeddable":true,"href":"https:\/\/www.radiopresidenteibanez.cl\/web\/wp-json\/wp\/v2\/media\/37318"}],"wp:attachment":[{"href":"https:\/\/www.radiopresidenteibanez.cl\/web\/wp-json\/wp\/v2\/media?parent=37317"}],"wp:term":[{"taxonomy":"category","embeddable":true,"href":"https:\/\/www.radiopresidenteibanez.cl\/web\/wp-json\/wp\/v2\/categories?post=37317"},{"taxonomy":"post_tag","embeddable":true,"href":"https:\/\/www.radiopresidenteibanez.cl\/web\/wp-json\/wp\/v2\/tags?post=37317"}],"curies":[{"name":"wp","href":"https:\/\/api.w.org\/{rel}","templated":true}]}}