{"id":37311,"date":"2023-02-09T09:57:00","date_gmt":"2023-02-09T12:57:00","guid":{"rendered":"https:\/\/www.radiopresidenteibanez.cl\/web\/?p=37311"},"modified":"2023-02-08T22:54:15","modified_gmt":"2023-02-09T01:54:15","slug":"reforzando-trabajo-intersectorial-y-dialogo-con-la-comunidad-se-realizojornada-informativa-con-vecinos-de-poblacion-archipielago-de-chiloe","status":"publish","type":"post","link":"https:\/\/www.radiopresidenteibanez.cl\/web\/reforzando-trabajo-intersectorial-y-dialogo-con-la-comunidad-se-realizojornada-informativa-con-vecinos-de-poblacion-archipielago-de-chiloe\/","title":{"rendered":"REFORZANDO TRABAJO INTERSECTORIAL Y DIALOGO CON LA COMUNIDAD SE REALIZ\u00d3<br>JORNADA INFORMATIVA CON VECINOS DE POBLACI\u00d3N ARCHIPIELAGO DE CHILO\u00c9"},"content":{"rendered":"\n<p>Continuando con las acciones territoriales que se encuentran desarrollando las Seremis de<br>Gobierno y de Salud, se realiz\u00f3 la actividad denominada Vocer\u00eda en Terreno con vecinos y<br>vecinas de la poblaci\u00f3n Archipi\u00e9lago de Chilo\u00e9 de Punta Arenas, instancia de refuerzo del<br>trabajo intersectorial y de dialogo con la comunidad.<br>En la actividad participaron la Seremi de Salud de Magallanes, Francisca Sanfuentes, el Seremi<br>de Vivienda y Urbanismo, Marco Uribe, y un equipo de la Seremi de Gobierno, quienes<br>dialogaron con la comunidad de este sector acerca de medidas para la seguridad econ\u00f3mica,<br>importancia de vacunaci\u00f3n bivalente contra Covid-19, avances en resoluci\u00f3n de listas de<br>espera, Copago Cero y otros temas de inter\u00e9s, adem\u00e1s de responder dudas y consultas.<br>La Seremi de Salud Francisca Sanfuentes, explic\u00f3 que \u201choy estuvimos nuevamente en terreno,<br>esta vez con vecinos de Archipi\u00e9lago de Chilo\u00e9 conversando sobre distintos temas de salud, y<br>esto vamos continuar haci\u00e9ndolo siguiendo el mandato del Presidente Gabriel Boric, de tener<br>presencia y estar en el territorio, estar con la comunidad, de poder informar de las estrategias<br>y las acciones que estamos desarrollando y tambi\u00e9n poder recoger cu\u00e1les son las inquietudes,<br>las necesidades y las prioridades en los temas de salud\u201d.<br>El Seremi de Gobierno, Andro Mimica, indic\u00f3 que \u201cayer tuvimos la oportunidad de acompa\u00f1ar<br>a la Seremi de Salud en una Vocer\u00eda en Terreno, difundiendo el programa del Presidente<br>Gabriel Boric y sus avances, como el Copago Cero, reducci\u00f3n de listas de espera, vacunaci\u00f3n<br>contra Covid-19 y los puntos de vacunaci\u00f3n, y tambi\u00e9n poder avanzar y mostrar cuales son las<br>medidas econ\u00f3micas para el 2023. Es muy importante que podamos estar desplegados en el<br>territorio y en los distintos barrios de la comuna, pero tambi\u00e9n en el resto de las Provincias de<br>Magallanes. Vamos a seguir cumpliendo el mandato del Presidente de poder conversar cara a<br>cara con las vecinas y vecinos\u201d.<br>El presidente de la Junta de Vecinos N\u00b057 Archipi\u00e9lago de Chilo\u00e9, Jos\u00e9 Necul, indic\u00f3 que \u201clo<br>que siempre he sido cr\u00edtico y exigente es que la autoridad salga a los territorios a llevar la<br>informaci\u00f3n necesaria para que todos los ciudadanos estemos informados\u201d, indicando que las<br>puertas de la junta de vecinos para este tipo de actividades est\u00e1n abiertas, y que \u201cel territorio<br>necesita volver a creer para que volvamos a juntarnos como sociedad y desarrollarnos y<br>crecer como pa\u00eds, por lo que se agradece la visita de estas autoridades\u201d.<\/p>\n\n\n\n<p>Esta actividad forma parte de un ciclo de reuniones en terreno que convocar\u00e1 a integrantes de<br>juntas de vecinos y agrupaciones, con el objetivo de convocar a la comunidad para dialogar en<br>materia de salud y otros temas de inter\u00e9s, siendo una instancia informativa y de prevenci\u00f3n,<br>as\u00ed como un espacio de dialogo para recoger inquietudes.<br>Finalizando el encuentro, el grupo de proyecci\u00f3n folcl\u00f3rica Yemel Aoni realiz\u00f3 una<br>presentaci\u00f3n en el frontis de la junta de vecinos. Se trata de una agrupaci\u00f3n conformada por<br>residentes del sector que tienen un fuerte v\u00ednculo con la Junta de Vecinos Archipi\u00e9lago de<br>Chilo\u00e9 y quienes quisieron estar presentes en la actividad.<\/p>\n","protected":false},"excerpt":{"rendered":"<p>Continuando con las acciones territoriales que se encuentran desarrollando las Seremis deGobierno y de Salud, se realiz\u00f3 la actividad denominada Vocer\u00eda en Terreno con vecinos yvecinas de la poblaci\u00f3n Archipi\u00e9lago&#8230; <a class=\"read-more\" href=\"https:\/\/www.radiopresidenteibanez.cl\/web\/reforzando-trabajo-intersectorial-y-dialogo-con-la-comunidad-se-realizojornada-informativa-con-vecinos-de-poblacion-archipielago-de-chiloe\/\">Leer m\u00e1s<\/a><\/p>\n","protected":false},"author":2,"featured_media":37312,"comment_status":"closed","ping_status":"closed","sticky":false,"template":"","format":"standard","meta":{"footnotes":""},"categories":[1],"tags":[],"class_list":["post-37311","post","type-post","status-publish","format-standard","has-post-thumbnail","hentry","category-cronica"],"_links":{"self":[{"href":"https:\/\/www.radiopresidenteibanez.cl\/web\/wp-json\/wp\/v2\/posts\/37311","targetHints":{"allow":["GET"]}}],"collection":[{"href":"https:\/\/www.radiopresidenteibanez.cl\/web\/wp-json\/wp\/v2\/posts"}],"about":[{"href":"https:\/\/www.radiopresidenteibanez.cl\/web\/wp-json\/wp\/v2\/types\/post"}],"author":[{"embeddable":true,"href":"https:\/\/www.radiopresidenteibanez.cl\/web\/wp-json\/wp\/v2\/users\/2"}],"replies":[{"embeddable":true,"href":"https:\/\/www.radiopresidenteibanez.cl\/web\/wp-json\/wp\/v2\/comments?post=37311"}],"version-history":[{"count":0,"href":"https:\/\/www.radiopresidenteibanez.cl\/web\/wp-json\/wp\/v2\/posts\/37311\/revisions"}],"wp:featuredmedia":[{"embeddable":true,"href":"https:\/\/www.radiopresidenteibanez.cl\/web\/wp-json\/wp\/v2\/media\/37312"}],"wp:attachment":[{"href":"https:\/\/www.radiopresidenteibanez.cl\/web\/wp-json\/wp\/v2\/media?parent=37311"}],"wp:term":[{"taxonomy":"category","embeddable":true,"href":"https:\/\/www.radiopresidenteibanez.cl\/web\/wp-json\/wp\/v2\/categories?post=37311"},{"taxonomy":"post_tag","embeddable":true,"href":"https:\/\/www.radiopresidenteibanez.cl\/web\/wp-json\/wp\/v2\/tags?post=37311"}],"curies":[{"name":"wp","href":"https:\/\/api.w.org\/{rel}","templated":true}]}}