{"id":3729,"date":"2019-04-28T13:00:35","date_gmt":"2019-04-28T13:00:35","guid":{"rendered":"http:\/\/www.radiopresidenteibanez.cl\/web\/?p=3729"},"modified":"2019-04-28T13:01:00","modified_gmt":"2019-04-28T13:01:00","slug":"cruce-del-ferry-entre-punta-arenas-y-porvenir-se-encuentra-suspendido-por-fallecimiento-de-trabajador","status":"publish","type":"post","link":"https:\/\/www.radiopresidenteibanez.cl\/web\/cruce-del-ferry-entre-punta-arenas-y-porvenir-se-encuentra-suspendido-por-fallecimiento-de-trabajador\/","title":{"rendered":"CRUCE DEL FERRY ENTRE PUNTA ARENAS Y PORVENIR SE ENCUENTRA SUSPENDIDO POR FALLECIMIENTO DE TRABAJADOR"},"content":{"rendered":"\n<p>Una lamentable noticia, se dio a conocer en horas esta\nma\u00f1ana, luego de que un trabajador de la empresa Tabsa, que realizar\u00eda el cruce\nentre Punta Arenas y Porvenir, falleci\u00f3 durante sus faenas, hasta el momento se\ndesconoce las causas de su deceso.<\/p>\n\n\n\n<p>Hasta el lugar se hicieron presente personal de Carabineros,\nas\u00ed tambi\u00e9n Samu y voluntarios de Bomberos.<\/p>\n\n\n\n<p>Noticia en desarrollo. <\/p>\n\n\n\n<figure class=\"wp-block-image\"><img loading=\"lazy\" decoding=\"async\" width=\"1024\" height=\"627\" src=\"https:\/\/www.radiopresidenteibanez.cl\/web\/wp-content\/uploads\/2019\/04\/IMG-20190428-WA0000-1024x627.jpg\" alt=\"\" class=\"wp-image-3730\" srcset=\"https:\/\/www.radiopresidenteibanez.cl\/web\/wp-content\/uploads\/2019\/04\/IMG-20190428-WA0000-1024x627.jpg 1024w, https:\/\/www.radiopresidenteibanez.cl\/web\/wp-content\/uploads\/2019\/04\/IMG-20190428-WA0000-300x184.jpg 300w, https:\/\/www.radiopresidenteibanez.cl\/web\/wp-content\/uploads\/2019\/04\/IMG-20190428-WA0000-768x471.jpg 768w, https:\/\/www.radiopresidenteibanez.cl\/web\/wp-content\/uploads\/2019\/04\/IMG-20190428-WA0000.jpg 1074w\" sizes=\"auto, (max-width: 1024px) 100vw, 1024px\" \/><\/figure>\n","protected":false},"excerpt":{"rendered":"<p>Una lamentable noticia, se dio a conocer en horas esta ma\u00f1ana, luego de que un trabajador de la empresa Tabsa, que realizar\u00eda el cruce entre Punta Arenas y Porvenir, falleci\u00f3&#8230; <a class=\"read-more\" href=\"https:\/\/www.radiopresidenteibanez.cl\/web\/cruce-del-ferry-entre-punta-arenas-y-porvenir-se-encuentra-suspendido-por-fallecimiento-de-trabajador\/\">Leer m\u00e1s<\/a><\/p>\n","protected":false},"author":2,"featured_media":3730,"comment_status":"closed","ping_status":"closed","sticky":false,"template":"","format":"standard","meta":{"footnotes":""},"categories":[1],"tags":[],"class_list":["post-3729","post","type-post","status-publish","format-standard","has-post-thumbnail","hentry","category-cronica"],"_links":{"self":[{"href":"https:\/\/www.radiopresidenteibanez.cl\/web\/wp-json\/wp\/v2\/posts\/3729","targetHints":{"allow":["GET"]}}],"collection":[{"href":"https:\/\/www.radiopresidenteibanez.cl\/web\/wp-json\/wp\/v2\/posts"}],"about":[{"href":"https:\/\/www.radiopresidenteibanez.cl\/web\/wp-json\/wp\/v2\/types\/post"}],"author":[{"embeddable":true,"href":"https:\/\/www.radiopresidenteibanez.cl\/web\/wp-json\/wp\/v2\/users\/2"}],"replies":[{"embeddable":true,"href":"https:\/\/www.radiopresidenteibanez.cl\/web\/wp-json\/wp\/v2\/comments?post=3729"}],"version-history":[{"count":0,"href":"https:\/\/www.radiopresidenteibanez.cl\/web\/wp-json\/wp\/v2\/posts\/3729\/revisions"}],"wp:featuredmedia":[{"embeddable":true,"href":"https:\/\/www.radiopresidenteibanez.cl\/web\/wp-json\/wp\/v2\/media\/3730"}],"wp:attachment":[{"href":"https:\/\/www.radiopresidenteibanez.cl\/web\/wp-json\/wp\/v2\/media?parent=3729"}],"wp:term":[{"taxonomy":"category","embeddable":true,"href":"https:\/\/www.radiopresidenteibanez.cl\/web\/wp-json\/wp\/v2\/categories?post=3729"},{"taxonomy":"post_tag","embeddable":true,"href":"https:\/\/www.radiopresidenteibanez.cl\/web\/wp-json\/wp\/v2\/tags?post=3729"}],"curies":[{"name":"wp","href":"https:\/\/api.w.org\/{rel}","templated":true}]}}