{"id":37275,"date":"2023-02-08T09:53:00","date_gmt":"2023-02-08T12:53:00","guid":{"rendered":"https:\/\/www.radiopresidenteibanez.cl\/web\/?p=37275"},"modified":"2023-02-07T22:36:07","modified_gmt":"2023-02-08T01:36:07","slug":"soledad-tapia-almonacid-asume-como-nueva-directora-nacional-de-sernapesca","status":"publish","type":"post","link":"https:\/\/www.radiopresidenteibanez.cl\/web\/soledad-tapia-almonacid-asume-como-nueva-directora-nacional-de-sernapesca\/","title":{"rendered":"<strong>Soledad Tapia Almonacid asume como nueva Directora Nacional de Sernapesca<\/strong>"},"content":{"rendered":"\n<p>Tras la finalizaci\u00f3n del concurso de Alta Direcci\u00f3n P\u00fablica, el presidente Gabriel Boric Font design\u00f3 a Soledad Tapia Almonacid como la nueva directora nacional del Servicio Nacional de Pesca y Acuicultura, quien tiene 14 a\u00f1os de carrera en la instituci\u00f3n.<\/p>\n\n\n\n<p>La nueva Directora Nacional, quien hasta el momento de su nombramiento se desempe\u00f1aba como Directora Regional de Sernapesca Valpara\u00edso, fue la primera mujer que ingres\u00f3 por Alta Direcci\u00f3n P\u00fablica como Directora Regional de Tarapac\u00e1 el 2009, asumiendo luego una serie de cargos directivos como Directora Regional de Valpara\u00edso, Subdirectora de Pesquer\u00edas, Jefa del Departamento de Personas, Directora de la Escuela de Fiscalizaci\u00f3n y nuevamente como Directora Regional de Valpara\u00edso desde el 2019.<\/p>\n\n\n\n<p>De profesi\u00f3n Ingeniera Pesquera de la Pontificia Universidad Cat\u00f3lica de Valpara\u00edso e Ingeniera Industrial de la Universidad de Valpara\u00edso, tiene un Mag\u00edster en Psicolog\u00eda de Trabajo y las organizaciones con menci\u00f3n en Desarrollo Organizacional y Personas de la Universidad de Valpara\u00edso y un diplomado en Competencias Directivas Gen\u00e9ricas para la Alta Direcci\u00f3n P\u00fablica de la Universidad del Desarrollo.<\/p>\n\n\n\n<p>Soledad Tapia declar\u00f3 estar orgullosa de asumir este nuevo desaf\u00edo profesional en su carrera funcionaria: \u201cRecibo este nombramiento con mucha emoci\u00f3n y entusiasmo. Agradezco la confianza del Presidente en m\u00ed y el reconocimiento al m\u00e9rito de tener 14 a\u00f1os en el Servicio y un trabajo con el sector artesanal y la industria. Es un honor poder ser la persona elegida, siento apoyo de la institucionalidad pesquera, del equipo Directivo de Sernapesca, y de funcionarios y funcionarias, lo que sin duda me provoca enorme motivaci\u00f3n para pasar r\u00e1pidamente a la acci\u00f3n. Me interesa poner \u00e9nfasis en las personas, en los buenos climas laborales y en potenciar los liderazgos internos. Como mujer tambi\u00e9n deseo aportar a la pol\u00edtica de g\u00e9nero en nuestra instituci\u00f3n\u201d.<\/p>\n\n\n\n<p>Los \u00e9nfasis para el sector de pesca y acuicultura estar\u00e1n puestos en la consolidaci\u00f3n del sector a nivel internacional mediante la implementaci\u00f3n de pol\u00edticas vinculadas al desarrollo productivo de las caletas pesqueras, la equidad de g\u00e9nero y el reconocimiento de las actividades conexas de la pesca artesanal, as\u00ed como el fortalecimiento del uso de la tecnolog\u00eda para la fiscalizaci\u00f3n, el combate contra la pesca ilegal y tambi\u00e9n es de suma relevancia la discusi\u00f3n de la nueva Ley General de Pesca y Acuicultura.<\/p>\n","protected":false},"excerpt":{"rendered":"<p>Tras la finalizaci\u00f3n del concurso de Alta Direcci\u00f3n P\u00fablica, el presidente Gabriel Boric Font design\u00f3 a Soledad Tapia Almonacid como la nueva directora nacional del Servicio Nacional de Pesca y&#8230; <a class=\"read-more\" href=\"https:\/\/www.radiopresidenteibanez.cl\/web\/soledad-tapia-almonacid-asume-como-nueva-directora-nacional-de-sernapesca\/\">Leer m\u00e1s<\/a><\/p>\n","protected":false},"author":2,"featured_media":37276,"comment_status":"closed","ping_status":"closed","sticky":false,"template":"","format":"standard","meta":{"footnotes":""},"categories":[1],"tags":[],"class_list":["post-37275","post","type-post","status-publish","format-standard","has-post-thumbnail","hentry","category-cronica"],"_links":{"self":[{"href":"https:\/\/www.radiopresidenteibanez.cl\/web\/wp-json\/wp\/v2\/posts\/37275","targetHints":{"allow":["GET"]}}],"collection":[{"href":"https:\/\/www.radiopresidenteibanez.cl\/web\/wp-json\/wp\/v2\/posts"}],"about":[{"href":"https:\/\/www.radiopresidenteibanez.cl\/web\/wp-json\/wp\/v2\/types\/post"}],"author":[{"embeddable":true,"href":"https:\/\/www.radiopresidenteibanez.cl\/web\/wp-json\/wp\/v2\/users\/2"}],"replies":[{"embeddable":true,"href":"https:\/\/www.radiopresidenteibanez.cl\/web\/wp-json\/wp\/v2\/comments?post=37275"}],"version-history":[{"count":0,"href":"https:\/\/www.radiopresidenteibanez.cl\/web\/wp-json\/wp\/v2\/posts\/37275\/revisions"}],"wp:featuredmedia":[{"embeddable":true,"href":"https:\/\/www.radiopresidenteibanez.cl\/web\/wp-json\/wp\/v2\/media\/37276"}],"wp:attachment":[{"href":"https:\/\/www.radiopresidenteibanez.cl\/web\/wp-json\/wp\/v2\/media?parent=37275"}],"wp:term":[{"taxonomy":"category","embeddable":true,"href":"https:\/\/www.radiopresidenteibanez.cl\/web\/wp-json\/wp\/v2\/categories?post=37275"},{"taxonomy":"post_tag","embeddable":true,"href":"https:\/\/www.radiopresidenteibanez.cl\/web\/wp-json\/wp\/v2\/tags?post=37275"}],"curies":[{"name":"wp","href":"https:\/\/api.w.org\/{rel}","templated":true}]}}