{"id":37259,"date":"2023-02-07T17:19:00","date_gmt":"2023-02-07T20:19:00","guid":{"rendered":"https:\/\/www.radiopresidenteibanez.cl\/web\/?p=37259"},"modified":"2023-02-07T10:20:57","modified_gmt":"2023-02-07T13:20:57","slug":"brigadistas-de-conaf-magallanes-viajan-a-palena-a-apoyar-en-el-combate-contra-incendio-que-afecta-la-zona-centro-sur-del-pais","status":"publish","type":"post","link":"https:\/\/www.radiopresidenteibanez.cl\/web\/brigadistas-de-conaf-magallanes-viajan-a-palena-a-apoyar-en-el-combate-contra-incendio-que-afecta-la-zona-centro-sur-del-pais\/","title":{"rendered":"<strong>Brigadistas de Conaf Magallanes viajan a Palena a apoyar en el combate contra incendio que afecta la zona centro sur del pa\u00eds<\/strong>"},"content":{"rendered":"\n<p>Hasta la Base de Brigada Lenga 4 de Conaf, en la comuna de Natales, llegaron distintas autoridades de la provincia de \u00daltima Esperanza, encabezadas por la delegada presidencial Romina \u00c1lvarez, para despedir a los brigadistas forestales de Conaf que durante la madrugada del martes inician su viaje hasta el sector de Palena para apoyar con su experiencia y conocimientos en las faenas de combate al incendio que afecta a la zona centro-sur de Chile.<\/p>\n\n\n\n<p>Al respecto, la delegada Romina \u00c1lvarez manifest\u00f3 \u201ccomo Gobierno de Chile y como mandata nuestro Presidente, venimos a acompa\u00f1ar a estos brigadistas que viajar\u00e1n a combatir el incendio que estamos vivenciando a nivel nacional. Hoy d\u00eda el llamado es a ser solidarios, pero tambi\u00e9n a ser conscientes y a tener prevenci\u00f3n, ya que el 99% de los incendios forestales se debe a causas humanas\u201d.<\/p>\n\n\n\n<p>Por su parte, la jefa provincial de Conaf, M\u00f3nica Alvarado se\u00f1al\u00f3 \u201ctuvimos un primer contingente m\u00e1s peque\u00f1o de personas que fue a apoyar, hay que recordar que en los incendios forestales, existe todo tipo de trabajo, no solamente el combate, tambi\u00e9n hay importante trabajo log\u00edstico y profesional. El grupo que sale la madrugada del martes se va directamente al sector de Palena y el personal t\u00e9cnico que tenemos desplegado desde fines de enero est\u00e1 en la zona de Pur\u00e9n y Tom\u00e9\u201d.<\/p>\n\n\n\n<p>Asimismo, la alcaldesa Antonieta Oyarzo agreg\u00f3 \u201cjunto a las instituciones que son parte del Comit\u00e9 de Emergencias a nivel comunal y provincial porque hoy nuestro pa\u00eds est\u00e1 en situaci\u00f3n de emergencia en algunas localidades y por ello hemos venido a despedirlos, pero tambi\u00e9n a manifestarles en nombre de la ciudadan\u00eda todo nuestro respaldo y respeto\u201d.<\/p>\n\n\n\n<p>De acuerdo a Conaf, el personal que asiste a Palena se encuentra entrenado y capacitado para estas labores; y est\u00e1 compuesto por un jefe de brigada, jefe de cuadrilla, motobombista, motosierristas y encargado de primeros auxilios, se trata de ocho integrantes que van desde Puerto Natales, que se suman a otros tres de personal t\u00e9cnico de Punta Arenas, es decir, una brigada completa que llegar\u00e1 a la zona de Palena.<\/p>\n\n\n\n<p>Finalmente, tanto autoridades como tambi\u00e9n representantes del Ej\u00e9rcito y Carabineros se\u00f1alaron que se est\u00e1 realizando un trabajo coordinado entre instituciones para prevenir este tipo de situaciones en la provincia, haciendo un f\u00e9rreo llamado a la comunidad local, turistas nacionales y extranjeros, a ser responsables y evitar situaciones que puedan originar un incendio.<\/p>\n","protected":false},"excerpt":{"rendered":"<p>Hasta la Base de Brigada Lenga 4 de Conaf, en la comuna de Natales, llegaron distintas autoridades de la provincia de \u00daltima Esperanza, encabezadas por la delegada presidencial Romina \u00c1lvarez,&#8230; <a class=\"read-more\" href=\"https:\/\/www.radiopresidenteibanez.cl\/web\/brigadistas-de-conaf-magallanes-viajan-a-palena-a-apoyar-en-el-combate-contra-incendio-que-afecta-la-zona-centro-sur-del-pais\/\">Leer m\u00e1s<\/a><\/p>\n","protected":false},"author":2,"featured_media":37260,"comment_status":"closed","ping_status":"closed","sticky":false,"template":"","format":"standard","meta":{"footnotes":""},"categories":[1],"tags":[],"class_list":["post-37259","post","type-post","status-publish","format-standard","has-post-thumbnail","hentry","category-cronica"],"_links":{"self":[{"href":"https:\/\/www.radiopresidenteibanez.cl\/web\/wp-json\/wp\/v2\/posts\/37259","targetHints":{"allow":["GET"]}}],"collection":[{"href":"https:\/\/www.radiopresidenteibanez.cl\/web\/wp-json\/wp\/v2\/posts"}],"about":[{"href":"https:\/\/www.radiopresidenteibanez.cl\/web\/wp-json\/wp\/v2\/types\/post"}],"author":[{"embeddable":true,"href":"https:\/\/www.radiopresidenteibanez.cl\/web\/wp-json\/wp\/v2\/users\/2"}],"replies":[{"embeddable":true,"href":"https:\/\/www.radiopresidenteibanez.cl\/web\/wp-json\/wp\/v2\/comments?post=37259"}],"version-history":[{"count":0,"href":"https:\/\/www.radiopresidenteibanez.cl\/web\/wp-json\/wp\/v2\/posts\/37259\/revisions"}],"wp:featuredmedia":[{"embeddable":true,"href":"https:\/\/www.radiopresidenteibanez.cl\/web\/wp-json\/wp\/v2\/media\/37260"}],"wp:attachment":[{"href":"https:\/\/www.radiopresidenteibanez.cl\/web\/wp-json\/wp\/v2\/media?parent=37259"}],"wp:term":[{"taxonomy":"category","embeddable":true,"href":"https:\/\/www.radiopresidenteibanez.cl\/web\/wp-json\/wp\/v2\/categories?post=37259"},{"taxonomy":"post_tag","embeddable":true,"href":"https:\/\/www.radiopresidenteibanez.cl\/web\/wp-json\/wp\/v2\/tags?post=37259"}],"curies":[{"name":"wp","href":"https:\/\/api.w.org\/{rel}","templated":true}]}}