{"id":37250,"date":"2023-02-07T08:25:00","date_gmt":"2023-02-07T11:25:00","guid":{"rendered":"https:\/\/www.radiopresidenteibanez.cl\/web\/?p=37250"},"modified":"2023-02-07T10:09:31","modified_gmt":"2023-02-07T13:09:31","slug":"delegada-presidencial-presenta-a-nuevo-seremi-de-bienes-nacionales-de-magallanes","status":"publish","type":"post","link":"https:\/\/www.radiopresidenteibanez.cl\/web\/delegada-presidencial-presenta-a-nuevo-seremi-de-bienes-nacionales-de-magallanes\/","title":{"rendered":"Delegada Presidencial presenta a nuevo Seremi de Bienes Nacionales de Magallanes"},"content":{"rendered":"\n<p>El Gobierno del Presidente Gabriel Boric, nombr\u00f3 a&nbsp;Sergio<br>Salvador Reyes Tapia&nbsp;como nuevo Seremi de Bienes Nacionales de la Regi\u00f3n de Magallanes.<br>Sergio Reyes Tapia es Periodista, Magister en Comunicaci\u00f3n y Pol\u00edticas P\u00fablicas y posee adem\u00e1s, un<br>Doctorado en Comunicaci\u00f3n. Cuenta con una vasta experiencia en comunicaciones, editor de la<br>radio Nuevo Mundo y con amplia trayectoria en el Partido Comunista.<br>La Delegada Presidencial Regional, Luz Berm\u00fadez Sandoval, manifest\u00f3 que \u201cpara nosotros es muy<br>importante la llegada de Sergio a Bienes Nacionales, ya que sabemos que hay demandas<br>important\u00edsimas, como en materia de derechos humanos y sitios de memoria, la situaci\u00f3n actual del<br>periurbano, y por sobre todo, tambi\u00e9n, lo que se est\u00e1 trabajando con Serviu y Minvu, en relaci\u00f3n a<br>los terrenos disponibles y la adquisici\u00f3n de terrenos para la construcci\u00f3n de viviendas, que es un<br>compromiso de nuestro Gobierno\u201d.<br>El nuevo Seremi de Bienes Nacionales agradeci\u00f3 al Presidente Gabriel Boric esta designaci\u00f3n y<br>recalc\u00f3 que el trabajo en relaci\u00f3n a memoria en derechos humanos, g\u00e9nero y di\u00e1logo con los<br>pueblos originarios es parte de los ejes que tendr\u00e1 su gesti\u00f3n. Puso el acento en el compromiso del<br>Gobierno con el Plan de Emergencia Habitacional y el objetivo de construir 260 mil viviendas: \u00abLa<br>labor del Ministerio de Bienes Nacionales es buscar terrenos fiscales y destinarlos para vivienda<br>social, ese fue el mandato del Presidente Boric, y es parte de la tarea que tenemos de poner el<br>patrimonio fiscal a disposici\u00f3n de las necesidades de las personas, especialmente las sociales\u201d.<br>El Seremi de Bienes Nacionales est\u00e1 vinculado hace a\u00f1os a la zona, no solo a nivel familiar, sino por<br>el trabajo realizado en la regi\u00f3n durante los dos gobiernos de la ex Presidenta Bachelet. Detalla con<br>orgullo que \u201cMagallanes me ha regalado una nuera, una nieta y un nieto y mi hijo trabaja y vive ac\u00e1<br>desde hace muchos a\u00f1os\u201d.<br>El Seremi Reyes, finaliz\u00f3 enfatizando en que las puertas est\u00e1n abiertas para dialogar con los vecinos<br>y vecinas, para recibir sus propuestas, sus ideas y en conjunto salir adelante. Sabemos, por ejemplo,<br>que en el sector rural hay distintas demandas y ese es un tema que est\u00e1 contemplado dentro de la<br>agenda de trabajo, como otras gestiones que van en beneficio del territorio y sus ciudadanos y<br>ciudadanas.<\/p>\n","protected":false},"excerpt":{"rendered":"<p>El Gobierno del Presidente Gabriel Boric, nombr\u00f3 a&nbsp;SergioSalvador Reyes Tapia&nbsp;como nuevo Seremi de Bienes Nacionales de la Regi\u00f3n de Magallanes.Sergio Reyes Tapia es Periodista, Magister en Comunicaci\u00f3n y Pol\u00edticas P\u00fablicas&#8230; <a class=\"read-more\" href=\"https:\/\/www.radiopresidenteibanez.cl\/web\/delegada-presidencial-presenta-a-nuevo-seremi-de-bienes-nacionales-de-magallanes\/\">Leer m\u00e1s<\/a><\/p>\n","protected":false},"author":2,"featured_media":37251,"comment_status":"closed","ping_status":"closed","sticky":false,"template":"","format":"standard","meta":{"footnotes":""},"categories":[1],"tags":[],"class_list":["post-37250","post","type-post","status-publish","format-standard","has-post-thumbnail","hentry","category-cronica"],"_links":{"self":[{"href":"https:\/\/www.radiopresidenteibanez.cl\/web\/wp-json\/wp\/v2\/posts\/37250","targetHints":{"allow":["GET"]}}],"collection":[{"href":"https:\/\/www.radiopresidenteibanez.cl\/web\/wp-json\/wp\/v2\/posts"}],"about":[{"href":"https:\/\/www.radiopresidenteibanez.cl\/web\/wp-json\/wp\/v2\/types\/post"}],"author":[{"embeddable":true,"href":"https:\/\/www.radiopresidenteibanez.cl\/web\/wp-json\/wp\/v2\/users\/2"}],"replies":[{"embeddable":true,"href":"https:\/\/www.radiopresidenteibanez.cl\/web\/wp-json\/wp\/v2\/comments?post=37250"}],"version-history":[{"count":0,"href":"https:\/\/www.radiopresidenteibanez.cl\/web\/wp-json\/wp\/v2\/posts\/37250\/revisions"}],"wp:featuredmedia":[{"embeddable":true,"href":"https:\/\/www.radiopresidenteibanez.cl\/web\/wp-json\/wp\/v2\/media\/37251"}],"wp:attachment":[{"href":"https:\/\/www.radiopresidenteibanez.cl\/web\/wp-json\/wp\/v2\/media?parent=37250"}],"wp:term":[{"taxonomy":"category","embeddable":true,"href":"https:\/\/www.radiopresidenteibanez.cl\/web\/wp-json\/wp\/v2\/categories?post=37250"},{"taxonomy":"post_tag","embeddable":true,"href":"https:\/\/www.radiopresidenteibanez.cl\/web\/wp-json\/wp\/v2\/tags?post=37250"}],"curies":[{"name":"wp","href":"https:\/\/api.w.org\/{rel}","templated":true}]}}