{"id":3725,"date":"2019-04-26T19:54:03","date_gmt":"2019-04-26T19:54:03","guid":{"rendered":"http:\/\/www.radiopresidenteibanez.cl\/web\/?p=3725"},"modified":"2019-04-26T19:54:37","modified_gmt":"2019-04-26T19:54:37","slug":"cuatro-deportistas-representaran-a-magallanes-en-la-primera-version-de-los-juegos-binacionales-de-la-paraaraucania","status":"publish","type":"post","link":"https:\/\/www.radiopresidenteibanez.cl\/web\/cuatro-deportistas-representaran-a-magallanes-en-la-primera-version-de-los-juegos-binacionales-de-la-paraaraucania\/","title":{"rendered":"CUATRO DEPORTISTAS REPRESENTAR\u00c1N A MAGALLANES EN LA PRIMERA VERSI\u00d3N DE LOS JUEGOS BINACIONALES DE LA PARAARAUCAN\u00cdA"},"content":{"rendered":"\n<p>La\n<strong>Regi\u00f3n de Magallanes y la\nAnt\u00e1rtica Chilena<\/strong> sigue sumando hitos deportivos y el <strong>pr\u00f3ximo 5 de mayo comenzar\u00e1 su participaci\u00f3n\nen la primera edici\u00f3n de los Juegos Binacionales de la ParaAraucan\u00eda<\/strong>,\na realizarse en la ciudad de Neuqu\u00e9n, Argentina.<\/p>\n\n\n\n<p>La\ntradicional competencia que hace 28 a\u00f1os re\u00fane a j\u00f3venes atletas de Chile y\nArgentina tendr\u00e1 este 2019 su <strong>primera edici\u00f3n en\ndeporte paral\u00edmpico<\/strong>, en la que Magallanes contar\u00e1 con una delegaci\u00f3n\nde <strong>cuatro deportistas, con dos\nrepresentantes en las pruebas de atletismo y dos en nataci\u00f3n.<\/strong><\/p>\n\n\n\n<p>La\ndelegaci\u00f3n magall\u00e1nica que<strong> <\/strong><strong>viajar\u00e1 el pr\u00f3ximo 4\nde mayo<\/strong> hasta Neuqu\u00e9n estar\u00e1 compuesta por los deportistas <strong>Demis Cardena<\/strong><strong>s <\/strong>(corredor\ny saltador)<strong>,\n<\/strong><strong>Miriam P\u00e9rez<\/strong>\n(lanzadora de bala)<strong>, <\/strong><strong>Natacha Cid<\/strong><strong> <\/strong>(nataci\u00f3n)<strong>, <\/strong><strong>y<\/strong><strong> <\/strong><strong>Mar\u00eda Fernanda D\u00edaz<\/strong><strong> <\/strong>(nataci\u00f3n),\nadem\u00e1s de dos t\u00e9cnicos, un kinesi\u00f3logo y una jefa de misi\u00f3n.<\/p>\n\n\n\n<p>\u00abMe\nsiento afortunada y agradecida de la oportunidad. Yo tuve un <strong>accidente de tr\u00e1nsito y sufr\u00ed una amputaci\u00f3n,\nas\u00ed que estar haciendo esto se siente rico, es darle un nuevo sentido a las\ncosas<\/strong>. Me siento orgullosa y mi familia tambi\u00e9n\u00bb, dice\nMiriam P\u00e9rez sobre la posibilidad de competir en los in\u00e9ditos Juegos de la\nParaAraucan\u00eda. &nbsp;<\/p>\n\n\n\n<p>\u00abTodo\nesto es muy raro<strong>, <\/strong><strong>se siente como si fuera broma y es muy nuevo<\/strong>.\nEstoy feliz y orgullosa, con todas las ganas de tener una buena\nparticipaci\u00f3n\u00bb, agrega la lanzadora de bala.<\/p>\n\n\n\n<p>En\ntanto, <strong>Natacha Cid<\/strong>, la\nm\u00e1s joven de la delegaci\u00f3n con 16 a\u00f1os, se\u00f1al\u00f3 sobre la oportunidad de viajar a\ncompetir a Neuqu\u00e9n que \u00ab<strong>es una gran\nexperiencia, un privilegio, algo sorprendente<\/strong>. De peque\u00f1a me\ngusta la nataci\u00f3n y siempre fue una pasi\u00f3n. Salir de Punta Arenas es una gran\nbendici\u00f3n, me siento orgullosa\u201d.<\/p>\n\n\n\n<p>\u00abSiempre\nme ha gustado el deporte y, aunque me cueste, me meto en todos los talleres que\npueda. <strong>Nataci\u00f3n te convierte en otra\npersona, puedes hacer m\u00e1s cosas y es s\u00faper bueno poder mejorar<\/strong>\u00ab,\nacota.<\/p>\n\n\n\n<p>La\nprimera versi\u00f3n de los Juegos de la ParaAraucan\u00eda se desarrollar\u00e1 desde el <strong>5 al 10 de mayo en Neuqu\u00e9n y reunir\u00e1 a cerca\nde 600 atletas de siete regiones de Chile y seis provincias de Argentina<\/strong>,\nquienes competir\u00e1n en distintas disciplinas de atletismo y nataci\u00f3n.<\/p>\n\n\n\n<p>\u00abEs\nuna gran oportunidad para nuestros j\u00f3venes poder viajar a los Juegos de la\nParaAraucan\u00eda y <strong>participar de esta\ntradicional competencia, que por primera vez tendr\u00e1 su versi\u00f3n en deporte\nparal\u00edmpico<\/strong>. Espero que puedan disfrutar de este hist\u00f3rico hito\ny sumar experiencia para que sigan motivados con la pr\u00e1ctica del deporte\u00bb,\nse\u00f1al\u00f3 la <strong>Seremi del Deporte, Odette\nCallahan<\/strong>, sobre el viaje que emprender\u00e1n los cuatro deportistas\nmagall\u00e1nicos.<\/p>\n\n\n\n<p>La <strong>delegaci\u00f3n ser\u00e1 despedida de manera oficial el pr\u00f3ximo 2 de mayo<\/strong> en la Intendencia de Magallanes y la Ant\u00e1rtica Chilena, a contar de las 15:00 horas.<\/p>\n\n\n\n<figure class=\"wp-block-image\"><img loading=\"lazy\" decoding=\"async\" width=\"863\" height=\"917\" src=\"https:\/\/www.radiopresidenteibanez.cl\/web\/wp-content\/uploads\/2019\/04\/Para-Araucan\u00eda-2.jpg\" alt=\"\" class=\"wp-image-3726\" srcset=\"https:\/\/www.radiopresidenteibanez.cl\/web\/wp-content\/uploads\/2019\/04\/Para-Araucan\u00eda-2.jpg 863w, https:\/\/www.radiopresidenteibanez.cl\/web\/wp-content\/uploads\/2019\/04\/Para-Araucan\u00eda-2-282x300.jpg 282w, https:\/\/www.radiopresidenteibanez.cl\/web\/wp-content\/uploads\/2019\/04\/Para-Araucan\u00eda-2-768x816.jpg 768w\" sizes=\"auto, (max-width: 863px) 100vw, 863px\" \/><\/figure>\n","protected":false},"excerpt":{"rendered":"<p>La Regi\u00f3n de Magallanes y la Ant\u00e1rtica Chilena sigue sumando hitos deportivos y el pr\u00f3ximo 5 de mayo comenzar\u00e1 su participaci\u00f3n en la primera edici\u00f3n de los Juegos Binacionales de&#8230; <a class=\"read-more\" href=\"https:\/\/www.radiopresidenteibanez.cl\/web\/cuatro-deportistas-representaran-a-magallanes-en-la-primera-version-de-los-juegos-binacionales-de-la-paraaraucania\/\">Leer m\u00e1s<\/a><\/p>\n","protected":false},"author":2,"featured_media":3726,"comment_status":"closed","ping_status":"closed","sticky":false,"template":"","format":"standard","meta":{"footnotes":""},"categories":[1],"tags":[],"class_list":["post-3725","post","type-post","status-publish","format-standard","has-post-thumbnail","hentry","category-cronica"],"_links":{"self":[{"href":"https:\/\/www.radiopresidenteibanez.cl\/web\/wp-json\/wp\/v2\/posts\/3725","targetHints":{"allow":["GET"]}}],"collection":[{"href":"https:\/\/www.radiopresidenteibanez.cl\/web\/wp-json\/wp\/v2\/posts"}],"about":[{"href":"https:\/\/www.radiopresidenteibanez.cl\/web\/wp-json\/wp\/v2\/types\/post"}],"author":[{"embeddable":true,"href":"https:\/\/www.radiopresidenteibanez.cl\/web\/wp-json\/wp\/v2\/users\/2"}],"replies":[{"embeddable":true,"href":"https:\/\/www.radiopresidenteibanez.cl\/web\/wp-json\/wp\/v2\/comments?post=3725"}],"version-history":[{"count":0,"href":"https:\/\/www.radiopresidenteibanez.cl\/web\/wp-json\/wp\/v2\/posts\/3725\/revisions"}],"wp:featuredmedia":[{"embeddable":true,"href":"https:\/\/www.radiopresidenteibanez.cl\/web\/wp-json\/wp\/v2\/media\/3726"}],"wp:attachment":[{"href":"https:\/\/www.radiopresidenteibanez.cl\/web\/wp-json\/wp\/v2\/media?parent=3725"}],"wp:term":[{"taxonomy":"category","embeddable":true,"href":"https:\/\/www.radiopresidenteibanez.cl\/web\/wp-json\/wp\/v2\/categories?post=3725"},{"taxonomy":"post_tag","embeddable":true,"href":"https:\/\/www.radiopresidenteibanez.cl\/web\/wp-json\/wp\/v2\/tags?post=3725"}],"curies":[{"name":"wp","href":"https:\/\/api.w.org\/{rel}","templated":true}]}}