{"id":37223,"date":"2023-02-06T15:39:00","date_gmt":"2023-02-06T18:39:00","guid":{"rendered":"https:\/\/www.radiopresidenteibanez.cl\/web\/?p=37223"},"modified":"2023-02-06T14:05:01","modified_gmt":"2023-02-06T17:05:01","slug":"chile-avanza-en-la-instalacion-de-sensores-en-la-antartica-que-enviaran-datos-en-tiempo-real-sobre-el-cambio-climatico","status":"publish","type":"post","link":"https:\/\/www.radiopresidenteibanez.cl\/web\/chile-avanza-en-la-instalacion-de-sensores-en-la-antartica-que-enviaran-datos-en-tiempo-real-sobre-el-cambio-climatico\/","title":{"rendered":"<strong>Chile avanza en la instalaci\u00f3n de sensores en la Ant\u00e1rtica que enviar\u00e1n datos en tiempo real sobre el cambio clim\u00e1tico<\/strong>"},"content":{"rendered":"\n<p>En diciembre del a\u00f1o 2021 se inaugur\u00f3 el primer sensor clim\u00e1tico de la Red Latitudinal de Estaciones Multiparam\u00e9tricas en la Estaci\u00f3n Polar Cient\u00edfica Conjunta Glaciar Uni\u00f3n, situada a solo 1.000 kil\u00f3metros del polo sur. Esta iniciativa, liderada por el Instituto Ant\u00e1rtico Chileno (INACH), cuenta con la participaci\u00f3n multidisciplinaria de diversas instituciones p\u00fablicas, entre ellas la Direcci\u00f3n Meteorol\u00f3gica de Chile (DMC). El objetivo principal es instalar 21 sensores en distintos puntos de la pen\u00ednsula Ant\u00e1rtica para&nbsp;transmitir datos en tiempo real sobre el cambio clim\u00e1tico, como la temperatura, la humedad relativa o el albedo (radiaci\u00f3n reflejada por una superficie).<\/p>\n\n\n\n<p>Ya se han instalado sensores en el glaciar Uni\u00f3n, la base Carvajal (ambas&nbsp; dentro del c\u00edrculo polar ant\u00e1rtico), la base Yelcho (isla Doumer) y la base Escudero (isla Rey Jorge). Durante la presente Expedici\u00f3n Cient\u00edfica Ant\u00e1rtica (ECA 59), del INACH, se ha hecho mantenimiento a los sensores en glaciar Uni\u00f3n y base Escudero. Adem\u00e1s, se instalaron nuevos sensores en cabo Melville, punta Armon\u00eda, base Prat y base O\u2019Higgins. A principios de febrero, se deber\u00eda continuar con la instalaci\u00f3n en la base Gabriel Gonz\u00e1lez Videla.<\/p>\n\n\n\n<p>Marcelo Leppe, director del INACH, destaca la importancia de este proyecto para el pa\u00eds. \u201cDurante dos a\u00f1os hemos instalado una serie de sensores en distintos puntos de la Pen\u00ednsula. Cuando tengamos todos los sensores instalados en el Continente Blanco, vamos a ser capaces de recibir y transmitir datos en tiempo real sobre cambio clim\u00e1tico, aportando as\u00ed a uno de los compromisos de Chile que es generar informaci\u00f3n de base respecto del rol que cumple la Ant\u00e1rtica modelando el clima del mundo\u201d, agrega Leppe.<\/p>\n\n\n\n<p>El director de INACH resalta, adem\u00e1s, la importancia para nuestro pa\u00eds, la regi\u00f3n m\u00e1s cercana al Continente Blanco y directamente relacionada con las corrientes marinas y de los fen\u00f3menos atmosf\u00e9ricos. \u201cNecesitamos comprender a\u00fan m\u00e1s c\u00f3mo influye el pr\u00edstino continente en nuestra naci\u00f3n. La Ant\u00e1rtica regula muchos aspectos de nuestra econom\u00eda y debemos contar con esta informaci\u00f3n, que nos servir\u00e1 y ser\u00e1 relevante para el Chile que queremos para los pr\u00f3ximos 25 a\u00f1os\u201d.<\/p>\n\n\n\n<p>\u201cHemos avanzado sustancialmente en la instalaci\u00f3n de las Estaciones Meteorol\u00f3gicas Autom\u00e1ticas (EMA). Agradezco el trabajo colaborativo con INACH y, en especial, al personal de la Direcci\u00f3n General de Aeron\u00e1utica Civil y la DMC que ha trabajado de manera comprometida en este importante proyecto, que permitir\u00e1 aumentar la densidad de datos y generar estudios significativos con mayor profundidad para estudiar el cambio clim\u00e1tico en la Ant\u00e1rtica\u201d, afirma Ricardo Alcafuz, Director (S) de la Direcci\u00f3n Meteorol\u00f3gica de Chile.<\/p>\n\n\n\n<p>Las estaciones ya se encuentran transmitiendo en una primera etapa&nbsp;<em>beta<\/em>, lo que significa que toda la informaci\u00f3n recopilada en tiempo real estar\u00e1 disponible cuando finalice la instalaci\u00f3n de las 21 estaciones, y se encuentren homologadas.<\/p>\n\n\n\n<p><strong>Estaciones Multiparam\u00e9tricas&nbsp;<\/strong><\/p>\n\n\n\n<p>Estas estaciones meteorol\u00f3gicas autom\u00e1ticas&nbsp;son del tipo climatol\u00f3gicas y cuentan con sensores de temperatura, humedad, direcci\u00f3n y velocidad de viento, CO<sub>2<\/sub>&nbsp;y radiaci\u00f3n.<\/p>\n\n\n\n<p>La Direcci\u00f3n Meteorol\u00f3gica de Chile es la encargada de asesorar la adquisici\u00f3n, instalaci\u00f3n y emplazamiento del equipamiento, a trav\u00e9s de personal especializado en el territorio ant\u00e1rtico, junto a profesionales del INACH.<\/p>\n\n\n\n<p>Este proyecto fue lanzado durante el 56.\u00ba Consejo de Pol\u00edtica Ant\u00e1rtica y en \u00e9l trabajan colaborativamente adem\u00e1s de la Canciller\u00eda, los ministerios de Ciencia, Tecnolog\u00eda, Conocimiento e Innovaci\u00f3n, Medio Ambiente; Defensa y Transportes y Telecomunicaciones.<\/p>\n","protected":false},"excerpt":{"rendered":"<p>En diciembre del a\u00f1o 2021 se inaugur\u00f3 el primer sensor clim\u00e1tico de la Red Latitudinal de Estaciones Multiparam\u00e9tricas en la Estaci\u00f3n Polar Cient\u00edfica Conjunta Glaciar Uni\u00f3n, situada a solo 1.000&#8230; <a class=\"read-more\" href=\"https:\/\/www.radiopresidenteibanez.cl\/web\/chile-avanza-en-la-instalacion-de-sensores-en-la-antartica-que-enviaran-datos-en-tiempo-real-sobre-el-cambio-climatico\/\">Leer m\u00e1s<\/a><\/p>\n","protected":false},"author":2,"featured_media":37224,"comment_status":"closed","ping_status":"closed","sticky":false,"template":"","format":"standard","meta":{"footnotes":""},"categories":[1],"tags":[],"class_list":["post-37223","post","type-post","status-publish","format-standard","has-post-thumbnail","hentry","category-cronica"],"_links":{"self":[{"href":"https:\/\/www.radiopresidenteibanez.cl\/web\/wp-json\/wp\/v2\/posts\/37223","targetHints":{"allow":["GET"]}}],"collection":[{"href":"https:\/\/www.radiopresidenteibanez.cl\/web\/wp-json\/wp\/v2\/posts"}],"about":[{"href":"https:\/\/www.radiopresidenteibanez.cl\/web\/wp-json\/wp\/v2\/types\/post"}],"author":[{"embeddable":true,"href":"https:\/\/www.radiopresidenteibanez.cl\/web\/wp-json\/wp\/v2\/users\/2"}],"replies":[{"embeddable":true,"href":"https:\/\/www.radiopresidenteibanez.cl\/web\/wp-json\/wp\/v2\/comments?post=37223"}],"version-history":[{"count":0,"href":"https:\/\/www.radiopresidenteibanez.cl\/web\/wp-json\/wp\/v2\/posts\/37223\/revisions"}],"wp:featuredmedia":[{"embeddable":true,"href":"https:\/\/www.radiopresidenteibanez.cl\/web\/wp-json\/wp\/v2\/media\/37224"}],"wp:attachment":[{"href":"https:\/\/www.radiopresidenteibanez.cl\/web\/wp-json\/wp\/v2\/media?parent=37223"}],"wp:term":[{"taxonomy":"category","embeddable":true,"href":"https:\/\/www.radiopresidenteibanez.cl\/web\/wp-json\/wp\/v2\/categories?post=37223"},{"taxonomy":"post_tag","embeddable":true,"href":"https:\/\/www.radiopresidenteibanez.cl\/web\/wp-json\/wp\/v2\/tags?post=37223"}],"curies":[{"name":"wp","href":"https:\/\/api.w.org\/{rel}","templated":true}]}}