{"id":3722,"date":"2019-04-26T19:46:53","date_gmt":"2019-04-26T19:46:53","guid":{"rendered":"http:\/\/www.radiopresidenteibanez.cl\/web\/?p=3722"},"modified":"2019-04-26T19:47:44","modified_gmt":"2019-04-26T19:47:44","slug":"informacion-corte-de-suministro-punta-arenas","status":"publish","type":"post","link":"https:\/\/www.radiopresidenteibanez.cl\/web\/informacion-corte-de-suministro-punta-arenas\/","title":{"rendered":"INFORMACI\u00d3N CORTE DE SUMINISTRO PUNTA ARENAS"},"content":{"rendered":"\n<p><strong>Esta tarde, entre las 14:45 y las 19:00 horas aproximadamente, se deber\u00e1 interrumpir el suministro el\u00e9ctrico en un amplio sector de la poblaci\u00f3n 18 de Septiembre con el objetivo de cambiar un poste de media tensi\u00f3n que fue chocado hace algunos d\u00edas en la intersecci\u00f3n de las calles Arauco y P\u00e9rez de Arce.<\/strong><\/p>\n\n\n\n<p><strong>Lo anterior afectar\u00e1 a 961 clientes, que se ubican en las siguientes sectores:<\/strong><\/p>\n\n\n\n<p><strong>Cuadrantes:<\/strong><\/p>\n\n\n\n<p><strong>M\u00e1rquez de la Plata, Fco. Javier Reyna, Mateo de Toro y Zambrano y Manuel de Salas.<\/strong><\/p>\n\n\n\n<p><strong>Avda. Espa\u00f1a lado poniente, Bellavista, Patagona y P\u00e9rez de Arce.<\/strong><\/p>\n\n\n\n<p><strong>Mateo de Toro y Zambrano, Fco. Javier Reyna, Zenteno y Gaspar Mar\u00edn.<\/strong><\/p>\n\n\n\n<p><strong>Calles:<\/strong><\/p>\n\n\n\n<p><strong>Camilo Henr\u00edquez y Juan Enrique Rosales, entre Mateo de Toro y Zambrano y Zenteno.<\/strong><\/p>\n\n\n\n<p><strong>Gaspar Mar\u00edn, Gregorio de Argomedo y Fco. Javier Reyna, entre M\u00e1rquez de la Plata y Mart\u00ednez de Aldunate.<\/strong><\/p>\n\n\n\n<p><strong>Patagona, Arauco y Se\u00f1oret entre, Bellavista y Paraguaya.<\/strong><\/p>\n\n\n\n<p><strong>Esta interrupci\u00f3n tambi\u00e9n afectar\u00e1 el servicio el\u00e9ctrico al Liceo Mar\u00eda Behety y la escuela 18 de Septiembre<\/strong><\/p>\n\n\n\n<p><strong>El cambio de este poste estaba programado para la ma\u00f1ana de este s\u00e1bado 27 de abril, sin embargo debi\u00f3 adelantase la faena producto de las malas condiciones que present\u00f3 la estructura en las \u00faltimas horas.<\/strong><\/p>\n\n\n\n<figure class=\"wp-block-image\"><img loading=\"lazy\" decoding=\"async\" width=\"668\" height=\"557\" src=\"https:\/\/www.radiopresidenteibanez.cl\/web\/wp-content\/uploads\/2019\/04\/IMG-20190426-WA0001.jpg\" alt=\"\" class=\"wp-image-3723\" srcset=\"https:\/\/www.radiopresidenteibanez.cl\/web\/wp-content\/uploads\/2019\/04\/IMG-20190426-WA0001.jpg 668w, https:\/\/www.radiopresidenteibanez.cl\/web\/wp-content\/uploads\/2019\/04\/IMG-20190426-WA0001-300x250.jpg 300w\" sizes=\"auto, (max-width: 668px) 100vw, 668px\" \/><\/figure>\n","protected":false},"excerpt":{"rendered":"<p>Esta tarde, entre las 14:45 y las 19:00 horas aproximadamente, se deber\u00e1 interrumpir el suministro el\u00e9ctrico en un amplio sector de la poblaci\u00f3n 18 de Septiembre con el objetivo de&#8230; <a class=\"read-more\" href=\"https:\/\/www.radiopresidenteibanez.cl\/web\/informacion-corte-de-suministro-punta-arenas\/\">Leer m\u00e1s<\/a><\/p>\n","protected":false},"author":2,"featured_media":3723,"comment_status":"closed","ping_status":"closed","sticky":false,"template":"","format":"standard","meta":{"footnotes":""},"categories":[1],"tags":[],"class_list":["post-3722","post","type-post","status-publish","format-standard","has-post-thumbnail","hentry","category-cronica"],"_links":{"self":[{"href":"https:\/\/www.radiopresidenteibanez.cl\/web\/wp-json\/wp\/v2\/posts\/3722","targetHints":{"allow":["GET"]}}],"collection":[{"href":"https:\/\/www.radiopresidenteibanez.cl\/web\/wp-json\/wp\/v2\/posts"}],"about":[{"href":"https:\/\/www.radiopresidenteibanez.cl\/web\/wp-json\/wp\/v2\/types\/post"}],"author":[{"embeddable":true,"href":"https:\/\/www.radiopresidenteibanez.cl\/web\/wp-json\/wp\/v2\/users\/2"}],"replies":[{"embeddable":true,"href":"https:\/\/www.radiopresidenteibanez.cl\/web\/wp-json\/wp\/v2\/comments?post=3722"}],"version-history":[{"count":0,"href":"https:\/\/www.radiopresidenteibanez.cl\/web\/wp-json\/wp\/v2\/posts\/3722\/revisions"}],"wp:featuredmedia":[{"embeddable":true,"href":"https:\/\/www.radiopresidenteibanez.cl\/web\/wp-json\/wp\/v2\/media\/3723"}],"wp:attachment":[{"href":"https:\/\/www.radiopresidenteibanez.cl\/web\/wp-json\/wp\/v2\/media?parent=3722"}],"wp:term":[{"taxonomy":"category","embeddable":true,"href":"https:\/\/www.radiopresidenteibanez.cl\/web\/wp-json\/wp\/v2\/categories?post=3722"},{"taxonomy":"post_tag","embeddable":true,"href":"https:\/\/www.radiopresidenteibanez.cl\/web\/wp-json\/wp\/v2\/tags?post=3722"}],"curies":[{"name":"wp","href":"https:\/\/api.w.org\/{rel}","templated":true}]}}