{"id":37217,"date":"2023-02-06T12:37:00","date_gmt":"2023-02-06T15:37:00","guid":{"rendered":"https:\/\/www.radiopresidenteibanez.cl\/web\/?p=37217"},"modified":"2023-02-06T10:05:38","modified_gmt":"2023-02-06T13:05:38","slug":"realzan-importancia-de-vincular-la-participacion-de-las-y-los-ninos-en-la-definicion-de-los-espacios-publicos","status":"publish","type":"post","link":"https:\/\/www.radiopresidenteibanez.cl\/web\/realzan-importancia-de-vincular-la-participacion-de-las-y-los-ninos-en-la-definicion-de-los-espacios-publicos\/","title":{"rendered":"<strong>Realzan importancia de vincular la participaci\u00f3n de las y los ni\u00f1os en la definici\u00f3n de los espacios p\u00fablicos<\/strong>"},"content":{"rendered":"\n<p>El anhelo que a futuro los espacios p\u00fablicos puedan ser definidos tambi\u00e9n con la participaci\u00f3n de las y los ni\u00f1os fue uno de los temas abordados en el reciente conversatorio sobre Educaci\u00f3n e Infancia que se realiz\u00f3 en Santiago en el marco de la reciente Bienal de Arquitectura y Urbanismo.<\/p>\n\n\n\n<p>La XXII versi\u00f3n de este evento se realiz\u00f3 entre el 14 y 22 de enero en Santiago y para ello se implement\u00f3 una especie de domo inflable frente al Palacio de La Moneda en una organizaci\u00f3n mediante la alianza entre el Ministerio de las Culturas, las Artes y el Patrimonio y el Colegio de Arquitectos de Chile.<\/p>\n\n\n\n<p>Bajo la tem\u00e1tica \u201cH\u00e1bitats vulnerables\u201d, la past president del Colegio de Arquitectos de Chile, Jadille Baza, expres\u00f3 que \u201ces pertinente, porque encarna la urgencia y la oportunidad de reflexionar sobre el rol creativo y transformador de la arquitectura y el urbanismo frente al d\u00e9ficit habitacional y la vulnerabilidad de nuestras ciudades, territorios y el medioambiente\u201d.&nbsp;<\/p>\n\n\n\n<p>En representaci\u00f3n de la Universidad de Magallanes (UMAG) particip\u00f3 la vicerrectora Acad\u00e9mica, Anah\u00ed C\u00e1rcamo, quien fue invitada a participar en el conversatorio sobre Educaci\u00f3n e Infancia y el espacio p\u00fablico, discuti\u00e9ndose c\u00f3mo se relaciona all\u00ed la arquitectura.<\/p>\n\n\n\n<p>Sostuvo que all\u00ed se analiz\u00f3 c\u00f3mo se piensa a la infancia desde la escuela, desde el espacio p\u00fablico. \u201cC\u00f3mo podemos trabajar en conjunto para lograr mejores espacios para la infancia. Todos pensamos en mejores espacios para la infancia, con ellos como participantes, no como espectadores, sino que tomando decisiones. Un poco lo que piensa Franco Tonucci, arquitecto italiano, que es lo que trabajamos en pedagog\u00edas, especialmente en educaci\u00f3n parvularia, que las ciudades cuando son pensadas desde los ni\u00f1os son m\u00e1s sanas y m\u00e1s amables para todos sus habitantes, no pensada desde el adulto, sino que desde la infancia. Eso hace que sea m\u00e1s inclusiva\u201d, afirm\u00f3 C\u00e1rcamo.<\/p>\n\n\n\n<p>Para la acad\u00e9mica es trascendente, tal como lo plantea el soci\u00f3logo de infancia Mat\u00edas Kun, pensar c\u00f3mo se instala el tema de la pedagog\u00eda de la naturaleza, quiz\u00e1s dando se\u00f1ales en las escuelas con espacios exteriores que sean m\u00e1s naturales y no prime el concreto, sino espacios con vegetaci\u00f3n, tierra, \u00e1rboles, agua, que son elementos naturales propios y atractivos para la infancia y que atrae a ni\u00f1as y ni\u00f1os.<\/p>\n\n\n\n<p>\u201cQuiz\u00e1s se puede partir por all\u00ed, pero tambi\u00e9n instalando pol\u00edtica p\u00fablica, otras maneras de ver la educaci\u00f3n y los sentidos de aprendizaje en las ni\u00f1as y en los ni\u00f1os\u201d, acot\u00f3 la vicerrectora Acad\u00e9mica, quien adelant\u00f3 que se analiz\u00f3 c\u00f3mo trabajar las universidades con el Colegio de Arquitectos y con el Ministerio de la Cultura, las Artes y el Patrimonio a objeto de instalar distintos lenguajes en la educaci\u00f3n con las ni\u00f1as y ni\u00f1os y en los espacios que ellos ocupan.<\/p>\n\n\n\n<p>\u201cAll\u00ed yo tom\u00e9 un poco los principios de este pedagogo italiano que es Francesco Tonucci, que habla que las ciudades deben ser pensadas desde los ni\u00f1os y con los ni\u00f1os como participantes activos, como en los espacios p\u00fablicos o espacios sin segregaci\u00f3n y como convergemos como ciudad en los espacios p\u00fablicos. Tambi\u00e9n vimos la importancia de relacionarnos entre la pedagog\u00eda y la arquitectura como una relaci\u00f3n importante para la formaci\u00f3n de nuestros futuros pedagogos y futuros arquitectos\u201d, asever\u00f3 Anah\u00ed C\u00e1rcamo, quien acot\u00f3 que se espera en marzo un nuevo di\u00e1logo para planificar un trabajo conjunto posiblemente con las dem\u00e1s universidades p\u00fablicas, que tambi\u00e9n son espacios p\u00fablicos.<\/p>\n","protected":false},"excerpt":{"rendered":"<p>El anhelo que a futuro los espacios p\u00fablicos puedan ser definidos tambi\u00e9n con la participaci\u00f3n de las y los ni\u00f1os fue uno de los temas abordados en el reciente conversatorio&#8230; <a class=\"read-more\" href=\"https:\/\/www.radiopresidenteibanez.cl\/web\/realzan-importancia-de-vincular-la-participacion-de-las-y-los-ninos-en-la-definicion-de-los-espacios-publicos\/\">Leer m\u00e1s<\/a><\/p>\n","protected":false},"author":2,"featured_media":37218,"comment_status":"closed","ping_status":"closed","sticky":false,"template":"","format":"standard","meta":{"footnotes":""},"categories":[1],"tags":[],"class_list":["post-37217","post","type-post","status-publish","format-standard","has-post-thumbnail","hentry","category-cronica"],"_links":{"self":[{"href":"https:\/\/www.radiopresidenteibanez.cl\/web\/wp-json\/wp\/v2\/posts\/37217","targetHints":{"allow":["GET"]}}],"collection":[{"href":"https:\/\/www.radiopresidenteibanez.cl\/web\/wp-json\/wp\/v2\/posts"}],"about":[{"href":"https:\/\/www.radiopresidenteibanez.cl\/web\/wp-json\/wp\/v2\/types\/post"}],"author":[{"embeddable":true,"href":"https:\/\/www.radiopresidenteibanez.cl\/web\/wp-json\/wp\/v2\/users\/2"}],"replies":[{"embeddable":true,"href":"https:\/\/www.radiopresidenteibanez.cl\/web\/wp-json\/wp\/v2\/comments?post=37217"}],"version-history":[{"count":0,"href":"https:\/\/www.radiopresidenteibanez.cl\/web\/wp-json\/wp\/v2\/posts\/37217\/revisions"}],"wp:featuredmedia":[{"embeddable":true,"href":"https:\/\/www.radiopresidenteibanez.cl\/web\/wp-json\/wp\/v2\/media\/37218"}],"wp:attachment":[{"href":"https:\/\/www.radiopresidenteibanez.cl\/web\/wp-json\/wp\/v2\/media?parent=37217"}],"wp:term":[{"taxonomy":"category","embeddable":true,"href":"https:\/\/www.radiopresidenteibanez.cl\/web\/wp-json\/wp\/v2\/categories?post=37217"},{"taxonomy":"post_tag","embeddable":true,"href":"https:\/\/www.radiopresidenteibanez.cl\/web\/wp-json\/wp\/v2\/tags?post=37217"}],"curies":[{"name":"wp","href":"https:\/\/api.w.org\/{rel}","templated":true}]}}