{"id":37193,"date":"2023-02-05T13:25:00","date_gmt":"2023-02-05T16:25:00","guid":{"rendered":"https:\/\/www.radiopresidenteibanez.cl\/web\/?p=37193"},"modified":"2023-02-05T10:46:07","modified_gmt":"2023-02-05T13:46:07","slug":"secretaria-de-energia-de-magallanes-invita-a-implementadores-de-proyectos-a-charla-informativa-sobre-concurso-ponle-energia-a-tu-empresa","status":"publish","type":"post","link":"https:\/\/www.radiopresidenteibanez.cl\/web\/secretaria-de-energia-de-magallanes-invita-a-implementadores-de-proyectos-a-charla-informativa-sobre-concurso-ponle-energia-a-tu-empresa\/","title":{"rendered":"<strong>Secretar\u00eda de Energ\u00eda de Magallanes invita a implementadores de proyectos a charla informativa sobre Concurso \u201cPonle Energ\u00eda a tu Empresa\u201d<\/strong>"},"content":{"rendered":"\n<p>Para proveedores e implementadores de proyectos energ\u00e9ticos se ofrecer\u00e1 una charla informativa sobre el Concurso \u201cPonle Energ\u00eda a tu Empresa\u201d, comunicaron hoy desde la Secretar\u00eda Regional Ministerial del ramo.<\/p>\n\n\n\n<p>La transmisi\u00f3n de la charla se har\u00e1 este martes 07 de febrero a las 11:30 horas&nbsp;a trav\u00e9s del Canal de Youtube del Ministerio de Energ\u00eda, y puede seguirse en el siguiente link:&nbsp;<a href=\"https:\/\/www.youtube.com\/@ministeriodeenergia\" target=\"_blank\" rel=\"noreferrer noopener\">https:\/\/www.youtube.com\/@ministeriodeenergia<\/a>.&nbsp;<\/p>\n\n\n\n<p>El objetivo del webinar, de acuerdo con lo informado por la Secretar\u00eda Regional Ministerial de Energ\u00eda de Magallanes, ser\u00e1 explicar tanto a implementadores como proveedores de servicios energ\u00e9ticos,&nbsp;c\u00f3mo completar el \u201cAnexo 2: Dise\u00f1o t\u00e9cnico del proyecto\u00bb, sostuvieron<\/p>\n\n\n\n<p><strong>PLAZO DE PREGUNTAS<\/strong><strong><\/strong><\/p>\n\n\n\n<p>Sumado a esto, a quienes ya hayan avanzado leyendo las bases del Concurso y tienen dudas, \u00e9stas ser\u00e1n resueltas tras subirse al formulario de \u00abConsultas\u00bb, disponible en el siguiente link:&nbsp;<a href=\"http:\/\/bit.ly\/3JCdNdp\" target=\"_blank\" rel=\"noreferrer noopener\">http:\/\/bit.ly\/3JCdNdp<\/a>.<\/p>\n\n\n\n<p>El plazo para formular y subir las consultas es hasta el pr\u00f3ximo mi\u00e9rcoles 8 de febrero a las 23:59 horas.<\/p>\n\n\n\n<p><strong>OTRO LINK DE INTER\u00c9S<\/strong><\/p>\n\n\n\n<p>Para mayor informaci\u00f3n acerca del \u201cPonle Energ\u00eda a tu Empresa\u201d, se puede visitar su sitio web en:&nbsp;<a href=\"https:\/\/www.ponleenergia.cl\/\" target=\"_blank\" rel=\"noreferrer noopener\">https:\/\/www.ponleenergia.cl\/<\/a>, donde encontrar\u00e1n un brochure (folleto explicativo) para descargar; y asimismo, las bases del Concurso.<\/p>\n","protected":false},"excerpt":{"rendered":"<p>Para proveedores e implementadores de proyectos energ\u00e9ticos se ofrecer\u00e1 una charla informativa sobre el Concurso \u201cPonle Energ\u00eda a tu Empresa\u201d, comunicaron hoy desde la Secretar\u00eda Regional Ministerial del ramo. La&#8230; <a class=\"read-more\" href=\"https:\/\/www.radiopresidenteibanez.cl\/web\/secretaria-de-energia-de-magallanes-invita-a-implementadores-de-proyectos-a-charla-informativa-sobre-concurso-ponle-energia-a-tu-empresa\/\">Leer m\u00e1s<\/a><\/p>\n","protected":false},"author":2,"featured_media":37194,"comment_status":"closed","ping_status":"closed","sticky":false,"template":"","format":"standard","meta":{"footnotes":""},"categories":[1],"tags":[],"class_list":["post-37193","post","type-post","status-publish","format-standard","has-post-thumbnail","hentry","category-cronica"],"_links":{"self":[{"href":"https:\/\/www.radiopresidenteibanez.cl\/web\/wp-json\/wp\/v2\/posts\/37193","targetHints":{"allow":["GET"]}}],"collection":[{"href":"https:\/\/www.radiopresidenteibanez.cl\/web\/wp-json\/wp\/v2\/posts"}],"about":[{"href":"https:\/\/www.radiopresidenteibanez.cl\/web\/wp-json\/wp\/v2\/types\/post"}],"author":[{"embeddable":true,"href":"https:\/\/www.radiopresidenteibanez.cl\/web\/wp-json\/wp\/v2\/users\/2"}],"replies":[{"embeddable":true,"href":"https:\/\/www.radiopresidenteibanez.cl\/web\/wp-json\/wp\/v2\/comments?post=37193"}],"version-history":[{"count":0,"href":"https:\/\/www.radiopresidenteibanez.cl\/web\/wp-json\/wp\/v2\/posts\/37193\/revisions"}],"wp:featuredmedia":[{"embeddable":true,"href":"https:\/\/www.radiopresidenteibanez.cl\/web\/wp-json\/wp\/v2\/media\/37194"}],"wp:attachment":[{"href":"https:\/\/www.radiopresidenteibanez.cl\/web\/wp-json\/wp\/v2\/media?parent=37193"}],"wp:term":[{"taxonomy":"category","embeddable":true,"href":"https:\/\/www.radiopresidenteibanez.cl\/web\/wp-json\/wp\/v2\/categories?post=37193"},{"taxonomy":"post_tag","embeddable":true,"href":"https:\/\/www.radiopresidenteibanez.cl\/web\/wp-json\/wp\/v2\/tags?post=37193"}],"curies":[{"name":"wp","href":"https:\/\/api.w.org\/{rel}","templated":true}]}}