{"id":37190,"date":"2023-02-05T11:53:00","date_gmt":"2023-02-05T14:53:00","guid":{"rendered":"https:\/\/www.radiopresidenteibanez.cl\/web\/?p=37190"},"modified":"2023-02-05T10:43:20","modified_gmt":"2023-02-05T13:43:20","slug":"magallanes-finaliza-con-un-100-la-aplicacion-de-la-encuesta-casen","status":"publish","type":"post","link":"https:\/\/www.radiopresidenteibanez.cl\/web\/magallanes-finaliza-con-un-100-la-aplicacion-de-la-encuesta-casen\/","title":{"rendered":"<strong>Magallanes finaliza con un 100% la aplicaci\u00f3n de la Encuesta Casen<\/strong>"},"content":{"rendered":"\n<p>El Ministerio de Desarrollo Social y Familia extendi\u00f3 hasta el 2 de febrero el per\u00edodo de levantamiento de la Encuesta de Caracterizaci\u00f3n Socioecon\u00f3mica Nacional \u2013 Casen 2022, decisi\u00f3n que responde al objetivo de aumentar el porcentaje de logro nacional y regional.<\/p>\n\n\n\n<p>Pese a que por primera vez Casen se aplic\u00f3 en todas las comunas de la regi\u00f3n, se logr\u00f3 cumplir el 100% de la aplicaci\u00f3n de la muestra, instrumento clave para el dise\u00f1o de pol\u00edticas p\u00fablicas, en especial la pobreza. En nuestra regi\u00f3n la muestra objetivo&nbsp;fue de 1.925 viviendas, y a nivel nacional de&nbsp;71.028 hogares.<\/p>\n\n\n\n<p>El Secretario Regional Ministerial de Desarrollo Social y Familia, Danilo Mimica Mansilla, explic\u00f3 que \u201csi bien el cronograma inicial consideraba que el Centro de Microdatos de la Universidad de Chile finalizara el trabajo de campo el 31 de enero, se decidi\u00f3 ampliar en dos d\u00edas la aplicaci\u00f3n de la encuesta, situaci\u00f3n que se ha realizado en versiones anteriores. Respecto al cumplimiento en Magallanes estamos muy contentos por el gran despliegue que realiz\u00f3 el equipo de Casen y tambi\u00e9n por la participaci\u00f3n de la ciudadan\u00eda, quien confi\u00f3 en el proceso recibiendo a los encuestadores y encuestadoras en sus hogares, porque existe la conciencia que Casen contribuye a dirigir las pol\u00edticas p\u00fablicas a los territorios\u201d.<\/p>\n\n\n\n<p>El trabajo en la regi\u00f3n fue efectuado un grupo de 34 encuestadores y encuestadoras a cargo del&nbsp;Centro de Microdatos de la Universidad de&nbsp; Chile, organismo que fue adjudicado mediante licitaci\u00f3n p\u00fablica para realizar el levantamiento de datos de la encuesta.<\/p>\n\n\n\n<p>Los primeros resultados de Casen 2022 estar\u00e1n a partir de julio y permitir\u00e1n conocer la situaci\u00f3n de los hogares en ingresos, educaci\u00f3n, trabajo y seguridad social, vivienda y entorno, y redes y cohesi\u00f3n social.&nbsp;Al mismo tiempo, permitir\u00e1 evaluar el impacto de la pol\u00edtica social, ya que entrega una radiograf\u00eda de la realidad socioecon\u00f3mica de nuestro pa\u00eds.<\/p>\n","protected":false},"excerpt":{"rendered":"<p>El Ministerio de Desarrollo Social y Familia extendi\u00f3 hasta el 2 de febrero el per\u00edodo de levantamiento de la Encuesta de Caracterizaci\u00f3n Socioecon\u00f3mica Nacional \u2013 Casen 2022, decisi\u00f3n que responde&#8230; <a class=\"read-more\" href=\"https:\/\/www.radiopresidenteibanez.cl\/web\/magallanes-finaliza-con-un-100-la-aplicacion-de-la-encuesta-casen\/\">Leer m\u00e1s<\/a><\/p>\n","protected":false},"author":2,"featured_media":37191,"comment_status":"closed","ping_status":"closed","sticky":false,"template":"","format":"standard","meta":{"footnotes":""},"categories":[1],"tags":[],"class_list":["post-37190","post","type-post","status-publish","format-standard","has-post-thumbnail","hentry","category-cronica"],"_links":{"self":[{"href":"https:\/\/www.radiopresidenteibanez.cl\/web\/wp-json\/wp\/v2\/posts\/37190","targetHints":{"allow":["GET"]}}],"collection":[{"href":"https:\/\/www.radiopresidenteibanez.cl\/web\/wp-json\/wp\/v2\/posts"}],"about":[{"href":"https:\/\/www.radiopresidenteibanez.cl\/web\/wp-json\/wp\/v2\/types\/post"}],"author":[{"embeddable":true,"href":"https:\/\/www.radiopresidenteibanez.cl\/web\/wp-json\/wp\/v2\/users\/2"}],"replies":[{"embeddable":true,"href":"https:\/\/www.radiopresidenteibanez.cl\/web\/wp-json\/wp\/v2\/comments?post=37190"}],"version-history":[{"count":0,"href":"https:\/\/www.radiopresidenteibanez.cl\/web\/wp-json\/wp\/v2\/posts\/37190\/revisions"}],"wp:featuredmedia":[{"embeddable":true,"href":"https:\/\/www.radiopresidenteibanez.cl\/web\/wp-json\/wp\/v2\/media\/37191"}],"wp:attachment":[{"href":"https:\/\/www.radiopresidenteibanez.cl\/web\/wp-json\/wp\/v2\/media?parent=37190"}],"wp:term":[{"taxonomy":"category","embeddable":true,"href":"https:\/\/www.radiopresidenteibanez.cl\/web\/wp-json\/wp\/v2\/categories?post=37190"},{"taxonomy":"post_tag","embeddable":true,"href":"https:\/\/www.radiopresidenteibanez.cl\/web\/wp-json\/wp\/v2\/tags?post=37190"}],"curies":[{"name":"wp","href":"https:\/\/api.w.org\/{rel}","templated":true}]}}