{"id":3718,"date":"2019-04-26T14:09:20","date_gmt":"2019-04-26T14:09:20","guid":{"rendered":"http:\/\/www.radiopresidenteibanez.cl\/web\/?p=3718"},"modified":"2019-04-26T14:10:04","modified_gmt":"2019-04-26T14:10:04","slug":"exitoso-operativo-multisectorial-de-fiscalizacion-en-el-sector-de-kon-aiken","status":"publish","type":"post","link":"https:\/\/www.radiopresidenteibanez.cl\/web\/exitoso-operativo-multisectorial-de-fiscalizacion-en-el-sector-de-kon-aiken\/","title":{"rendered":"EXITOSO OPERATIVO MULTISECTORIAL DE FISCALIZACI\u00d3N EN EL SECTOR DE KON AIKEN"},"content":{"rendered":"\n<p>Hasta el kil\u00f3metro 32 de la &nbsp;Ruta 9 Norte, sector Konaiken, se desplegaron\nlos organismos relacionados con fiscalizaci\u00f3n de veh\u00edculos en carretera,\nactividad coordinada por la Gobernaci\u00f3n provincial de Magallanes y que se\nefectu\u00f3 entre las 10:00 y las 12:30 horas de este mi\u00e9rcoles.<\/p>\n\n\n\n<p>El gobernador provincial, Homero\nVillegas Nu\u00f1ez, quien lider\u00f3 la actividad destac\u00f3 el profesionalismo de los\nfuncionarios de los diferentes servicios y se\u00f1al\u00f3 que \u201cdurante el \u00faltimo tiempo\nhan ocurrido, demasiados accidentes por ingesta de alcohol, por esa raz\u00f3n se\nplanific\u00f3 esta fiscalizaci\u00f3n en un lugar clave y estrat\u00e9gico de entrada y\nsalida de Punta Arenas, que es el antiguo ret\u00e9n Konaiken\u201d. <\/p>\n\n\n\n<p>El gobernador se\u00f1al\u00f3 que es\nimportante volver a tener habilitado este lugar &nbsp;(ret\u00e9n Konaiken) y explic\u00f3 las razones: \u201cpor aqu\u00ed\npasa mucho transporte y hemos tenido antecedentes de tr\u00e1fico, de le\u00f1a, lo que\nnos habla de una tala ilegal de \u00e1rboles, por eso est\u00e1 Conaf ac\u00e1, y de recursos hidrobiol\u00f3gicos,\npor esa raz\u00f3n la presencia de Sernapesca, pues se ha detectado tr\u00e1fico de erizo\ndesde Puerto Natales. Por otra parte, &nbsp;Impuestos Internos est\u00e1 velando porque todos\nlos temas de Gu\u00edas de despacho, est\u00e9n en orden. Tambi\u00e9n el tema de las drogas\nnos tiene muy preocupados, por esa raz\u00f3n est\u00e1n participando de esta fiscalizaci\u00f3n\nla PDI con sus gu\u00edas caninos de la brigada antinarc\u00f3ticos y Senda, realizando\nprevenci\u00f3n y ense\u00f1ando sobre el recientemente debutado narcotest. Con\nCarabineros estamos viendo que se respeten las leyes de tr\u00e1nsito, seguridad, permisos,\nrevisi\u00f3n t\u00e9cnica al d\u00eda y aplicaci\u00f3n de alcotest. En definitiva lo que estamos\nhaciendo es abarcar un amplio espectro de todo lo que es seguridad para todos\nlos habitantes de Magallanes\u201d.<\/p>\n\n\n\n<p>Las \u00faltimas &nbsp;incivilidades en la provincia, mueven a las\nautoridades a llevar un trabajo permanente para recuperar la tranquilidad de la\nciudad, y acciones como \u00e9sta contribuyen a ese fin.&nbsp; Asimismo, las reuniones de STOP que se\nrealizan con Carabineros y en las que las autoridades a nivel central han\npuesto \u00e9nfasis, despleg\u00e1ndose por todo el territorio para fortalecer las l\u00edneas\nde control y fiscalizaci\u00f3n y&nbsp;promover acciones preventivas con el fin\n\u00faltimo de lograr la tranquilidad de la poblaci\u00f3n, se suman al esfuerzo que\nrealiza el Comit\u00e9 policial de la provincia que lidera el propio gobernador. <\/p>\n\n\n\n<p>La fiscalizaci\u00f3n carretera, fue una acci\u00f3n que promovi\u00f3 el Subcomit\u00e9 de Seguridad Ciudadana, del <strong>Comit\u00e9 T\u00e9cnico Asesor <\/strong>(CTA), de la gobernaci\u00f3n, a cargo de Jorge Balich, \u00a0y que tiene por objetivo desarrollar y promover acciones orientadas a la prevenci\u00f3n, sensibilizaci\u00f3n y fiscalizaci\u00f3n en torno a temas de seguridad p\u00fablica presentes en la provincia de\u00a0 Magallanes y cont\u00f3 con la participaci\u00f3n de \u00a0Carabineros, Senda, Conaf, Polic\u00eda de Investigaciones, Servicio de Impuestos Internos, Servicio Agr\u00edcola y Ganadero, Seremi de Transportes, Seremi de Salud y que se espera repetir en un plazo cercano.<\/p>\n\n\n\n<figure class=\"wp-block-image\"><img loading=\"lazy\" decoding=\"async\" width=\"900\" height=\"675\" src=\"https:\/\/www.radiopresidenteibanez.cl\/web\/wp-content\/uploads\/2019\/04\/IMG_20190424_124030.jpg\" alt=\"\" class=\"wp-image-3719\" srcset=\"https:\/\/www.radiopresidenteibanez.cl\/web\/wp-content\/uploads\/2019\/04\/IMG_20190424_124030.jpg 900w, https:\/\/www.radiopresidenteibanez.cl\/web\/wp-content\/uploads\/2019\/04\/IMG_20190424_124030-300x225.jpg 300w, https:\/\/www.radiopresidenteibanez.cl\/web\/wp-content\/uploads\/2019\/04\/IMG_20190424_124030-768x576.jpg 768w\" sizes=\"auto, (max-width: 900px) 100vw, 900px\" \/><figcaption>dav<\/figcaption><\/figure>\n","protected":false},"excerpt":{"rendered":"<p>Hasta el kil\u00f3metro 32 de la &nbsp;Ruta 9 Norte, sector Konaiken, se desplegaron los organismos relacionados con fiscalizaci\u00f3n de veh\u00edculos en carretera, actividad coordinada por la Gobernaci\u00f3n provincial de Magallanes&#8230; <a class=\"read-more\" href=\"https:\/\/www.radiopresidenteibanez.cl\/web\/exitoso-operativo-multisectorial-de-fiscalizacion-en-el-sector-de-kon-aiken\/\">Leer m\u00e1s<\/a><\/p>\n","protected":false},"author":2,"featured_media":3719,"comment_status":"closed","ping_status":"closed","sticky":false,"template":"","format":"standard","meta":{"footnotes":""},"categories":[1],"tags":[],"class_list":["post-3718","post","type-post","status-publish","format-standard","has-post-thumbnail","hentry","category-cronica"],"_links":{"self":[{"href":"https:\/\/www.radiopresidenteibanez.cl\/web\/wp-json\/wp\/v2\/posts\/3718","targetHints":{"allow":["GET"]}}],"collection":[{"href":"https:\/\/www.radiopresidenteibanez.cl\/web\/wp-json\/wp\/v2\/posts"}],"about":[{"href":"https:\/\/www.radiopresidenteibanez.cl\/web\/wp-json\/wp\/v2\/types\/post"}],"author":[{"embeddable":true,"href":"https:\/\/www.radiopresidenteibanez.cl\/web\/wp-json\/wp\/v2\/users\/2"}],"replies":[{"embeddable":true,"href":"https:\/\/www.radiopresidenteibanez.cl\/web\/wp-json\/wp\/v2\/comments?post=3718"}],"version-history":[{"count":0,"href":"https:\/\/www.radiopresidenteibanez.cl\/web\/wp-json\/wp\/v2\/posts\/3718\/revisions"}],"wp:featuredmedia":[{"embeddable":true,"href":"https:\/\/www.radiopresidenteibanez.cl\/web\/wp-json\/wp\/v2\/media\/3719"}],"wp:attachment":[{"href":"https:\/\/www.radiopresidenteibanez.cl\/web\/wp-json\/wp\/v2\/media?parent=3718"}],"wp:term":[{"taxonomy":"category","embeddable":true,"href":"https:\/\/www.radiopresidenteibanez.cl\/web\/wp-json\/wp\/v2\/categories?post=3718"},{"taxonomy":"post_tag","embeddable":true,"href":"https:\/\/www.radiopresidenteibanez.cl\/web\/wp-json\/wp\/v2\/tags?post=3718"}],"curies":[{"name":"wp","href":"https:\/\/api.w.org\/{rel}","templated":true}]}}