{"id":3714,"date":"2019-04-26T14:01:31","date_gmt":"2019-04-26T14:01:31","guid":{"rendered":"http:\/\/www.radiopresidenteibanez.cl\/web\/?p=3714"},"modified":"2019-04-26T14:02:11","modified_gmt":"2019-04-26T14:02:11","slug":"seremi-de-salud-de-magallanes-invita-a-jovenes-a-formar-parte-de-su-consejo-asesor-salud-joven","status":"publish","type":"post","link":"https:\/\/www.radiopresidenteibanez.cl\/web\/seremi-de-salud-de-magallanes-invita-a-jovenes-a-formar-parte-de-su-consejo-asesor-salud-joven\/","title":{"rendered":"SEREMI DE SALUD DE MAGALLANES INVITA A JOVENES A FORMAR PARTE DE SU CONSEJO ASESOR SALUD JOVEN"},"content":{"rendered":"\n<p>El trabajo colaborativo entre los Programas\nde la SEREMI de Salud, es una de las estrategias m\u00e1s utilizadas por la\nAutoridad Sanitaria, para facilitar el acceso de informaci\u00f3n actualizada y que\nresponda a las crecientes&nbsp; inquietudes\njuveniles, relacionadas con su Salud Mental, Salud Sexual, Nutrici\u00f3n,\nParticipaci\u00f3n y Derechos, etc.&nbsp; <\/p>\n\n\n\n<p>En este marco y cumpliendo con la\nsegunda capacitaci\u00f3n del a\u00f1o, el Programa VIH\/SIDA, la Unidad de Epidemiolog\u00eda,\nel Programa Salud Joven y el consejo asesor de salud joven, unen sus esfuerzos,\npara difundir la actualizaci\u00f3n en temas de conducta sexual segura, incluyendo\ndentro de las principales acciones para este a\u00f1o, la informaci\u00f3n sobre las &nbsp;modificaciones para la realizaci\u00f3n de test de\nELISA para VIH en menores de 18 a\u00f1os, la educaci\u00f3n para el buen uso y\ndistribuci\u00f3n del cond\u00f3n femenino, repaso y educaci\u00f3n sobre el cond\u00f3n masculino,\nentre otras ofertas, que el Ministerio de Salud, las SEREMIS del pa\u00eds y sus\nconsejos asesores juveniles, se han empe\u00f1ado en fortalecer para este 2019, en\npos de sensibilizar sobre la prevenci\u00f3n del VIH e infecciones de transmisi\u00f3n\nsexual y los derechos y deberes frente al Autocuidado y las decisiones\ninformadas.<\/p>\n\n\n\n<p>Se reitera que este taller denominado \u201cConducta Sexual Segura- Test R\u00e1pido VIH\/SIDA y educaci\u00f3n del cond\u00f3n femenino, se realizar\u00e1 este S\u00e1bado 27 de abril desde las 14.30 horas en las dependencias del SEREMI de Salud, previa inscripci\u00f3n con datos b\u00e1sicos como nombre y fono de contacto, al correo electr\u00f3nico a <a href=\"mailto:saludjoven.seremi12@redsalud.gov.cl\">saludjoven.seremi12@redsalud.gov.cl<\/a> o al Instagram del consejo de salud joven (@casj.magallanes).<\/p>\n\n\n\n<figure class=\"wp-block-image\"><img loading=\"lazy\" decoding=\"async\" width=\"1024\" height=\"682\" src=\"https:\/\/www.radiopresidenteibanez.cl\/web\/wp-content\/uploads\/2019\/04\/CASJ-1024x682.jpg\" alt=\"\" class=\"wp-image-3715\" srcset=\"https:\/\/www.radiopresidenteibanez.cl\/web\/wp-content\/uploads\/2019\/04\/CASJ-1024x682.jpg 1024w, https:\/\/www.radiopresidenteibanez.cl\/web\/wp-content\/uploads\/2019\/04\/CASJ-300x200.jpg 300w, https:\/\/www.radiopresidenteibanez.cl\/web\/wp-content\/uploads\/2019\/04\/CASJ-768x512.jpg 768w, https:\/\/www.radiopresidenteibanez.cl\/web\/wp-content\/uploads\/2019\/04\/CASJ.jpg 1148w\" sizes=\"auto, (max-width: 1024px) 100vw, 1024px\" \/><\/figure>\n","protected":false},"excerpt":{"rendered":"<p>El trabajo colaborativo entre los Programas de la SEREMI de Salud, es una de las estrategias m\u00e1s utilizadas por la Autoridad Sanitaria, para facilitar el acceso de informaci\u00f3n actualizada y&#8230; <a class=\"read-more\" href=\"https:\/\/www.radiopresidenteibanez.cl\/web\/seremi-de-salud-de-magallanes-invita-a-jovenes-a-formar-parte-de-su-consejo-asesor-salud-joven\/\">Leer m\u00e1s<\/a><\/p>\n","protected":false},"author":2,"featured_media":3715,"comment_status":"closed","ping_status":"closed","sticky":false,"template":"","format":"standard","meta":{"footnotes":""},"categories":[1],"tags":[],"class_list":["post-3714","post","type-post","status-publish","format-standard","has-post-thumbnail","hentry","category-cronica"],"_links":{"self":[{"href":"https:\/\/www.radiopresidenteibanez.cl\/web\/wp-json\/wp\/v2\/posts\/3714","targetHints":{"allow":["GET"]}}],"collection":[{"href":"https:\/\/www.radiopresidenteibanez.cl\/web\/wp-json\/wp\/v2\/posts"}],"about":[{"href":"https:\/\/www.radiopresidenteibanez.cl\/web\/wp-json\/wp\/v2\/types\/post"}],"author":[{"embeddable":true,"href":"https:\/\/www.radiopresidenteibanez.cl\/web\/wp-json\/wp\/v2\/users\/2"}],"replies":[{"embeddable":true,"href":"https:\/\/www.radiopresidenteibanez.cl\/web\/wp-json\/wp\/v2\/comments?post=3714"}],"version-history":[{"count":0,"href":"https:\/\/www.radiopresidenteibanez.cl\/web\/wp-json\/wp\/v2\/posts\/3714\/revisions"}],"wp:featuredmedia":[{"embeddable":true,"href":"https:\/\/www.radiopresidenteibanez.cl\/web\/wp-json\/wp\/v2\/media\/3715"}],"wp:attachment":[{"href":"https:\/\/www.radiopresidenteibanez.cl\/web\/wp-json\/wp\/v2\/media?parent=3714"}],"wp:term":[{"taxonomy":"category","embeddable":true,"href":"https:\/\/www.radiopresidenteibanez.cl\/web\/wp-json\/wp\/v2\/categories?post=3714"},{"taxonomy":"post_tag","embeddable":true,"href":"https:\/\/www.radiopresidenteibanez.cl\/web\/wp-json\/wp\/v2\/tags?post=3714"}],"curies":[{"name":"wp","href":"https:\/\/api.w.org\/{rel}","templated":true}]}}