{"id":3711,"date":"2019-04-26T13:57:54","date_gmt":"2019-04-26T13:57:54","guid":{"rendered":"http:\/\/www.radiopresidenteibanez.cl\/web\/?p=3711"},"modified":"2019-04-26T13:58:22","modified_gmt":"2019-04-26T13:58:22","slug":"congreso-societur-resalta-la-investigacion-como-herramienta-para-asegurar-el-desarrollo-sostenible-del-turismo","status":"publish","type":"post","link":"https:\/\/www.radiopresidenteibanez.cl\/web\/congreso-societur-resalta-la-investigacion-como-herramienta-para-asegurar-el-desarrollo-sostenible-del-turismo\/","title":{"rendered":"CONGRESO SOCIETUR RESALTA LA INVESTIGACI\u00d3N COMO HERRAMIENTA PARA ASEGURAR EL DESARROLLO SOSTENIBLE DEL TURISMO"},"content":{"rendered":"\n<p>Cerca de 120 investigadores en el \u00e1mbito tur\u00edstico se\nencuentran en Punta Arenas en el marco de dos eventos de especial relevancia\npara diferentes sectores. Se trata del X Foro Nacional de Turismo \u201cCambios\ninstitucionales y desarrollo de las regiones tur\u00edsticas\u201d y del XI Congreso de\nInvestigaci\u00f3n Tur\u00edstica de Chile \u201cTurismo, investigaci\u00f3n y desarrollo desde la\nPatagonia Austral\u201d.<\/p>\n\n\n\n<p>Mientras la primera actividad se realiz\u00f3 el mi\u00e9rcoles 24 en\nel Centro Cultural de Punta Arenas, el Congreso comenz\u00f3 el mismo mi\u00e9rcoles y se\nextender\u00e1 hasta este viernes 26 en las dependencias de la Universidad\nTecnol\u00f3gica de Chile-Inacap Punta Arenas.<\/p>\n\n\n\n<p>Las convocatorias son organizadas por la Sociedad de\nInvestigadores en Turismo de Chile (Societur), el Centro Regional Fundaci\u00f3n\nCEQUA, Universidad Tecnol\u00f3gica de Chile-Inacap Punta Arenas.<\/p>\n\n\n\n<p>El doctor Pablo Szmulewicz, acad\u00e9mico de la Universidad\nAustral de Chile y presidente de Societur, destac\u00f3 la relevancia de ambos\neventos que re\u00fanen a cerca de 120 investigadores en turismo, de los cuales\ncerca de la mitad son extranjeros y provienen de 10 pa\u00edses. Esto, advierte,\ndemuestra el inter\u00e9s que esta actividad ha despertado en profesionales de otras\nlatitudes, que entienden que la generaci\u00f3n de conocimiento es la \u00fanica\nherramienta v\u00e1lida para favorecer la sustentabilidad del turismo.<\/p>\n\n\n\n<p>\u201cEste es&nbsp; un congreso\nnacional que ha ido cobrando un relieve internacional y nos interesa ser una\nplataforma que ayude a integrar a los investigadores. Destacamos el aporte de\nCEQUA a la organizaci\u00f3n del foro y el congreso m\u00e1s importante realizado hasta\nahora. El foro&nbsp; es una discusi\u00f3n\npol\u00edtica, donde los acad\u00e9micos, los profesionales y los empresarios tienen algo\nque decir en tem\u00e1ticas de investigaci\u00f3n en turismo. Eso deben considerarlo el\ngobierno y los parlamentarios. Hay que aprovechar que en la actualidad se est\u00e1\ndiscutiendo una ley de turismo y temas estrat\u00e9gicos, sobre las zonas de inter\u00e9s\ntur\u00edstico, sobre la formaci\u00f3n de capital humano y la investigaci\u00f3n, y la\nrelaci\u00f3n con los municipios\u201d, dijo.<\/p>\n\n\n\n<p>Lament\u00f3 que haya quienes califican como fr\u00edvolo investigar\nen tem\u00e1ticas como, por ejemplo, ecolog\u00eda del turismo o econom\u00eda del turismo,\npues no reconocen la relevancia que \u00e9stas tienen para apoyar el desarrollo\nsostenible de los recursos naturales y las econom\u00edas regionales.<\/p>\n\n\n\n<p>El investigador CEQUA, Carlos Olave Solar, director\nejecutivo del Congreso Societur, plante\u00f3 que la organizaci\u00f3n de este evento por\nparte del centro regional es una oportunidad para \u201cponernos los pantalones\nlargos en t\u00e9rminos de investigaci\u00f3n en turismo, ya que llevamos por lo menos\ncon 12 a\u00f1os en este tipo de tem\u00e1ticas, las que partieron con&nbsp; los primeros levantamientos de informaci\u00f3n en\nel Parque Marino Francisco Coloane. Despu\u00e9s, a partir de un proyecto Corfo\nsobre el Parque Bernardo O\u2019Higgins, abordamos el turismo y la valoraci\u00f3n del\nlugar para una sustentabilidad futura y evitar sobreexplotar los recursos y a\npartir del a\u00f1o 2013, con la creaci\u00f3n de la L\u00ednea de Estudios Territoriales,\ncomenzamos a desarrollar varios proyectos que apuntan a mejorar la\nsustentabilidad en el uso de los recursos aplicados al turismo\u201d. Agradeci\u00f3\nadem\u00e1s a todos quienes apoyaron la realizaci\u00f3n de este evento.<\/p>\n\n\n\n<p>El expositor internacional Gunter Reck, acad\u00e9mico del\nInstituto de Ecolog\u00eda Aplicada de la Universidad de San Francisco de Quito\n(Ecuador), manifest\u00f3 que la industria del turismo debe considerar la\nparticipaci\u00f3n de la ciencia para que se logre un manejo sostenible de los\nrecursos. \u201cCiencia aplicada, manejo tur\u00edstico y trabajo operativo van de la\nmano. Ac\u00e1 se unen las ciencias naturales y las ciencias aplicadas para\nconservar lo que se quiere mostrar\u201d, recalc\u00f3.<\/p>\n\n\n\n<p>Laura \u00c1lvarez, vicerrectora de la Universidad Tecnol\u00f3gica de\nChile-Inacap Punta Arenas, valor\u00f3 la relevancia del congreso que permite\ngenerar una discusi\u00f3n acerca de c\u00f3mo queremos construir una regi\u00f3n diversa y\nsustentable econ\u00f3micamente para asegurar un futuro promisorio.<\/p>\n\n\n\n<p>Recalc\u00f3 que el desarrollo tur\u00edstico debe incluir al capital humano por el conocimiento para que las pol\u00edticas que se implementen sean llevadas a cabo de la mejor manera y cumplan con sus objetivos. Destac\u00f3 la integraci\u00f3n del mundo p\u00fablico, la sociedad, el sector privado, las organizaciones cient\u00edficas y la academia. \u201cNo se puede pensar en hacer investigaci\u00f3n en turismo sin una gran log\u00edstica que incluya a profesionales y t\u00e9cnicos especializados en distintos \u00e1mbitos. Agradecemos a CEQUA que apoya la investigaci\u00f3n y transfiere el conocimiento para que \u00e9ste se convierta en nuevos productos y \u00e9stos en crecimiento. Esta es una tarea necesaria y urgente para el pa\u00eds para avanzar en la sociedad del conocimiento\u201d, sentenci\u00f3.<\/p>\n\n\n\n<figure class=\"wp-block-image\"><img loading=\"lazy\" decoding=\"async\" width=\"900\" height=\"600\" src=\"https:\/\/www.radiopresidenteibanez.cl\/web\/wp-content\/uploads\/2019\/04\/IMG_1713.jpg\" alt=\"\" class=\"wp-image-3712\" srcset=\"https:\/\/www.radiopresidenteibanez.cl\/web\/wp-content\/uploads\/2019\/04\/IMG_1713.jpg 900w, https:\/\/www.radiopresidenteibanez.cl\/web\/wp-content\/uploads\/2019\/04\/IMG_1713-300x200.jpg 300w, https:\/\/www.radiopresidenteibanez.cl\/web\/wp-content\/uploads\/2019\/04\/IMG_1713-768x512.jpg 768w\" sizes=\"auto, (max-width: 900px) 100vw, 900px\" \/><\/figure>\n","protected":false},"excerpt":{"rendered":"<p>Cerca de 120 investigadores en el \u00e1mbito tur\u00edstico se encuentran en Punta Arenas en el marco de dos eventos de especial relevancia para diferentes sectores. Se trata del X Foro&#8230; <a class=\"read-more\" href=\"https:\/\/www.radiopresidenteibanez.cl\/web\/congreso-societur-resalta-la-investigacion-como-herramienta-para-asegurar-el-desarrollo-sostenible-del-turismo\/\">Leer m\u00e1s<\/a><\/p>\n","protected":false},"author":2,"featured_media":3712,"comment_status":"closed","ping_status":"closed","sticky":false,"template":"","format":"standard","meta":{"footnotes":""},"categories":[1],"tags":[],"class_list":["post-3711","post","type-post","status-publish","format-standard","has-post-thumbnail","hentry","category-cronica"],"_links":{"self":[{"href":"https:\/\/www.radiopresidenteibanez.cl\/web\/wp-json\/wp\/v2\/posts\/3711","targetHints":{"allow":["GET"]}}],"collection":[{"href":"https:\/\/www.radiopresidenteibanez.cl\/web\/wp-json\/wp\/v2\/posts"}],"about":[{"href":"https:\/\/www.radiopresidenteibanez.cl\/web\/wp-json\/wp\/v2\/types\/post"}],"author":[{"embeddable":true,"href":"https:\/\/www.radiopresidenteibanez.cl\/web\/wp-json\/wp\/v2\/users\/2"}],"replies":[{"embeddable":true,"href":"https:\/\/www.radiopresidenteibanez.cl\/web\/wp-json\/wp\/v2\/comments?post=3711"}],"version-history":[{"count":0,"href":"https:\/\/www.radiopresidenteibanez.cl\/web\/wp-json\/wp\/v2\/posts\/3711\/revisions"}],"wp:featuredmedia":[{"embeddable":true,"href":"https:\/\/www.radiopresidenteibanez.cl\/web\/wp-json\/wp\/v2\/media\/3712"}],"wp:attachment":[{"href":"https:\/\/www.radiopresidenteibanez.cl\/web\/wp-json\/wp\/v2\/media?parent=3711"}],"wp:term":[{"taxonomy":"category","embeddable":true,"href":"https:\/\/www.radiopresidenteibanez.cl\/web\/wp-json\/wp\/v2\/categories?post=3711"},{"taxonomy":"post_tag","embeddable":true,"href":"https:\/\/www.radiopresidenteibanez.cl\/web\/wp-json\/wp\/v2\/tags?post=3711"}],"curies":[{"name":"wp","href":"https:\/\/api.w.org\/{rel}","templated":true}]}}