{"id":37097,"date":"2023-02-01T19:37:00","date_gmt":"2023-02-01T22:37:00","guid":{"rendered":"https:\/\/www.radiopresidenteibanez.cl\/web\/?p=37097"},"modified":"2023-02-01T18:43:35","modified_gmt":"2023-02-01T21:43:35","slug":"concejales-anuncian-acciones-legales-y-acusan-al-alcalde-de-punta-arenas-de-no-hacer-caso-a-informe-de-contraloria","status":"publish","type":"post","link":"https:\/\/www.radiopresidenteibanez.cl\/web\/concejales-anuncian-acciones-legales-y-acusan-al-alcalde-de-punta-arenas-de-no-hacer-caso-a-informe-de-contraloria\/","title":{"rendered":"<strong>CONCEJALES ANUNCIAN ACCIONES LEGALES, Y ACUSAN AL ALCALDE DE PUNTA ARENAS DE NO HACER CASO A INFORME DE CONTRALORIA<\/strong>"},"content":{"rendered":"\n<p>60% de los sueldos, es lo que inform\u00f3 el alcalde al concejo municipal en sesi\u00f3n extraordinaria, eso es lo que se pagar\u00eda por no contar con los recursos suficientes, sin embargo, los concejales argumentan que hab\u00eda un compromiso de priorizar los sueldos, y que tanto el ministerio como el municipio han entregado casi 5 mil millones de pesos durante el mes de enero, y la planilla funcionaria tiene un valor aproximado de 2.700 millones de pesos mensuales. Los concejales cuestionan donde estar\u00edan los recursos<\/p>\n\n\n\n<p>Los concejales, Ver\u00f3nica Aguilar, Jonathan C\u00e1rcamo, Jos\u00e9 Becerra y Alejandro Olate, fueron enf\u00e1ticos en se\u00f1alar que hay un informe de contralor\u00eda del a\u00f1o 2020, en donde se deja muy claro que la Corporaci\u00f3n NO PUEDE CANCELAR MULTAS E INTERESES, y que deber hacer los arreglos para que esto no vuelva a ocurrir, es m\u00e1s env\u00eda los antecedentes al CONSEJO DE DEFENSA DEL ESTADO, para que se investigue, sin embargo, el alcalde radonich ha hecho caso omiso a este informe, incurriendo en esta falta grave permanentemente.<\/p>\n\n\n\n<p>Los concejales, Denunciar\u00e1n a Contralor\u00eda esta situaci\u00f3n que es de suma gravedad y solicitar\u00e1n una auditor\u00eda financiera.<\/p>\n\n\n\n<p>Junto con lo anterior, pedir\u00e1n un informe al Consejo de Defensa del estado, sobre la investigaci\u00f3n pertinente, que se desprende este informe N\u00famero 10 del 2020 de Contralor\u00eda Regional que en su momento no fue informado al concejo<\/p>\n\n\n\n<p>Finalmente anunciaron, que est\u00e1n trabajando con un equipo jur\u00eddico, para iniciar las acciones legales que correspondan. Es decir, juicio de cuentas y denuncia por notable abandono de deberes<\/p>\n\n\n\n<p>&nbsp;De esta manera refrendan el compromiso con la fiscalizaci\u00f3n de los recursos de todas y todos los ciudadanos\/as de nuestra comuna.<\/p>\n","protected":false},"excerpt":{"rendered":"<p>60% de los sueldos, es lo que inform\u00f3 el alcalde al concejo municipal en sesi\u00f3n extraordinaria, eso es lo que se pagar\u00eda por no contar con los recursos suficientes, sin&#8230; <a class=\"read-more\" href=\"https:\/\/www.radiopresidenteibanez.cl\/web\/concejales-anuncian-acciones-legales-y-acusan-al-alcalde-de-punta-arenas-de-no-hacer-caso-a-informe-de-contraloria\/\">Leer m\u00e1s<\/a><\/p>\n","protected":false},"author":2,"featured_media":37098,"comment_status":"closed","ping_status":"closed","sticky":false,"template":"","format":"standard","meta":{"footnotes":""},"categories":[1],"tags":[],"class_list":["post-37097","post","type-post","status-publish","format-standard","has-post-thumbnail","hentry","category-cronica"],"_links":{"self":[{"href":"https:\/\/www.radiopresidenteibanez.cl\/web\/wp-json\/wp\/v2\/posts\/37097","targetHints":{"allow":["GET"]}}],"collection":[{"href":"https:\/\/www.radiopresidenteibanez.cl\/web\/wp-json\/wp\/v2\/posts"}],"about":[{"href":"https:\/\/www.radiopresidenteibanez.cl\/web\/wp-json\/wp\/v2\/types\/post"}],"author":[{"embeddable":true,"href":"https:\/\/www.radiopresidenteibanez.cl\/web\/wp-json\/wp\/v2\/users\/2"}],"replies":[{"embeddable":true,"href":"https:\/\/www.radiopresidenteibanez.cl\/web\/wp-json\/wp\/v2\/comments?post=37097"}],"version-history":[{"count":0,"href":"https:\/\/www.radiopresidenteibanez.cl\/web\/wp-json\/wp\/v2\/posts\/37097\/revisions"}],"wp:featuredmedia":[{"embeddable":true,"href":"https:\/\/www.radiopresidenteibanez.cl\/web\/wp-json\/wp\/v2\/media\/37098"}],"wp:attachment":[{"href":"https:\/\/www.radiopresidenteibanez.cl\/web\/wp-json\/wp\/v2\/media?parent=37097"}],"wp:term":[{"taxonomy":"category","embeddable":true,"href":"https:\/\/www.radiopresidenteibanez.cl\/web\/wp-json\/wp\/v2\/categories?post=37097"},{"taxonomy":"post_tag","embeddable":true,"href":"https:\/\/www.radiopresidenteibanez.cl\/web\/wp-json\/wp\/v2\/tags?post=37097"}],"curies":[{"name":"wp","href":"https:\/\/api.w.org\/{rel}","templated":true}]}}