{"id":37085,"date":"2023-02-01T17:55:00","date_gmt":"2023-02-01T20:55:00","guid":{"rendered":"https:\/\/www.radiopresidenteibanez.cl\/web\/?p=37085"},"modified":"2023-02-01T18:24:26","modified_gmt":"2023-02-01T21:24:26","slug":"ministro-de-desarrollo-social-y-familiainaugura-nuevo-condominio-de-viviendastuteladas-para-las-personas-mayores-depuerto-natales","status":"publish","type":"post","link":"https:\/\/www.radiopresidenteibanez.cl\/web\/ministro-de-desarrollo-social-y-familiainaugura-nuevo-condominio-de-viviendastuteladas-para-las-personas-mayores-depuerto-natales\/","title":{"rendered":"MINISTRO DE DESARROLLO SOCIAL Y FAMILIA<br>INAUGURA NUEVO CONDOMINIO DE VIVIENDAS<br>TUTELADAS PARA LAS PERSONAS MAYORES DE<br>PUERTO NATALES"},"content":{"rendered":"\n<p>El ministro de Desarrollo Social y Familia, Giorgio Jackson, junto a la directora nacional de<br>SENAMA, Claudia Asmad y diversas autoridades de la Regi\u00f3n de Magallanes, entre quienes<br>destacan el Gobernador Regional, Jorge Flies A\u00f1\u00f3n; la delegada presidencial, Luz<br>Berm\u00fadez; el seremi de Desarrollo Social y Familia, Danilo Mimica y la alcaldesa de Puerto<br>Natales, Antonieta Oyarzo, inauguraron el nuevo Condominio de Viviendas Tuteladas (CVT)<br>para Personas Mayores ubicado en esta comuna.<br>El nuevo recinto, que es el segundo en la comuna, considera 20 viviendas para las personas<br>mayores y forma parte de los dispositivos que el Gobierno del Presidente Gabriel Boric<br>quiere impulsar, dada la significancia en el impacto de la calidad de vida, la integraci\u00f3n<br>comunitaria y apoyo con intervenci\u00f3n profesional hacia las personas mayores en situaci\u00f3n<br>de vulnerabilidad, sin redes de apoyo y carencia habitacional.<br>El ministro de Desarrollo Social y Familia, Giorgio Jackson resalt\u00f3 que \u201cestamos muy<br>contentos de poder inaugurar este dispositivo, sobre todo para la poblaci\u00f3n que sigue<br>siendo autovalente, donde entre ellos pueden acompa\u00f1arse y tambi\u00e9n se da la<br>organizaci\u00f3n comunitaria. Son personas mayores que durante tanto tiempo han tenido el<br>sue\u00f1o de poder contar con una vivienda y ahora pueden construir su hogar y que, en este<br>caso, son de un tremendo est\u00e1ndar, la calidad de las viviendas es de verdad de primer nivel.<br>As\u00ed que la verdad, es un orgullo poder venir ac\u00e1, a una zona alejada, a una zona extrema<br>como es Puerto Natales y poder hacer entrega oficial de esto que hab\u00edan estado durante<br>tanto tiempo esperando y que hace aproximadamente un mes ya las est\u00e1n habitando\u201d.<br>Manuel L\u00f3pez es uno de los residentes del CVT. Al recibir sus llaves, esta persona mayor de<br>78 a\u00f1os agradeci\u00f3 la entrega. \u201cEstoy feliz y supongo que para todos mis vecinos es lo<br>mismo. Me siento orgulloso de ser un chileno m\u00e1s y de la oportunidad que me da el<br>gobierno de tener un espacio tan lindo\u201d, resalt\u00f3.<br>Por su parte, la directora Claudia Asmad destac\u00f3 que \u201ceste es el segundo condominio que<br>tenemos en Puerto Natales, lo que nos tiene muy contentos. Nuestro objetivo es generar a<br>lo largo de todo el pa\u00eds instancias de apoyo integral para las personas mayores, donde<br>exista una vinculaci\u00f3n con el territorio, con la comunidad y con especialistas que<br>contribuyan al bienestar psicosocial de este grupo de la poblaci\u00f3n\u201d.<br>La alcaldesa de Puerto Natales, Antonieta Oyarzo indic\u00f3 que \u201clas viviendas tuteladas es la<br>expresi\u00f3n del m\u00e1s noble sentido de la gesti\u00f3n p\u00fablica y pol\u00edtica de otorgar bienestar y<br>dignidad a las personas mayores. De nuestra comuna este ser\u00e1 su hogar y sus vecinos y<br>vecinas de este espacio habitacional ser\u00e1n su familia. Compartimos la alegr\u00eda de cada uno<br>de ustedes y seguiremos trabajando con el compromiso y cari\u00f1o de siempre\u201d.<br>Cabe destacar que el nuevo Condominio de Viviendas Tuteladas de Puerto Natales<br>consider\u00f3 una inversi\u00f3n de $1.530 millones y forma parte de la alianza colaborativa entre<br>SERVIU y SENAMA.<br>Las viviendas tienen un tama\u00f1o que va entre los 35 a 41 metros cuadrados y est\u00e1n<br>adaptadas especialmente a las necesidades que tienen las personas mayores. Adem\u00e1s, el<br>recinto incorpora una sede comunitaria y el apoyo de un monitor para la realizaci\u00f3n de<br>diversas actividades que permitan impulsar el desarrollo psicosocial de las personas<br>mayores residentes y su v\u00ednculo con la comunidad. Actualmente, la operaci\u00f3n de este<br>recinto est\u00e1 a cargo de la Fundaci\u00f3n \u201cPor M\u00e1s\u201d.<br>Con la inauguraci\u00f3n de este recinto la oferta de Condominios de Viviendas Tuteladas en la<br>Regi\u00f3n de Magallanes es de cuatro CVT, sumando 70 viviendas para mejorar la calidad de<br>vida de las personas mayores y as\u00ed avanzar hacia un envejecimiento digno, activo y<br>saludable.<br>Los CVT est\u00e1n ubicados en las comunas de Puerto Natales (2), Porvenir y Punta Arenas.<\/p>\n","protected":false},"excerpt":{"rendered":"<p>El ministro de Desarrollo Social y Familia, Giorgio Jackson, junto a la directora nacional deSENAMA, Claudia Asmad y diversas autoridades de la Regi\u00f3n de Magallanes, entre quienesdestacan el Gobernador Regional,&#8230; <a class=\"read-more\" href=\"https:\/\/www.radiopresidenteibanez.cl\/web\/ministro-de-desarrollo-social-y-familiainaugura-nuevo-condominio-de-viviendastuteladas-para-las-personas-mayores-depuerto-natales\/\">Leer m\u00e1s<\/a><\/p>\n","protected":false},"author":2,"featured_media":37086,"comment_status":"closed","ping_status":"closed","sticky":false,"template":"","format":"standard","meta":{"footnotes":""},"categories":[1],"tags":[],"class_list":["post-37085","post","type-post","status-publish","format-standard","has-post-thumbnail","hentry","category-cronica"],"_links":{"self":[{"href":"https:\/\/www.radiopresidenteibanez.cl\/web\/wp-json\/wp\/v2\/posts\/37085","targetHints":{"allow":["GET"]}}],"collection":[{"href":"https:\/\/www.radiopresidenteibanez.cl\/web\/wp-json\/wp\/v2\/posts"}],"about":[{"href":"https:\/\/www.radiopresidenteibanez.cl\/web\/wp-json\/wp\/v2\/types\/post"}],"author":[{"embeddable":true,"href":"https:\/\/www.radiopresidenteibanez.cl\/web\/wp-json\/wp\/v2\/users\/2"}],"replies":[{"embeddable":true,"href":"https:\/\/www.radiopresidenteibanez.cl\/web\/wp-json\/wp\/v2\/comments?post=37085"}],"version-history":[{"count":0,"href":"https:\/\/www.radiopresidenteibanez.cl\/web\/wp-json\/wp\/v2\/posts\/37085\/revisions"}],"wp:featuredmedia":[{"embeddable":true,"href":"https:\/\/www.radiopresidenteibanez.cl\/web\/wp-json\/wp\/v2\/media\/37086"}],"wp:attachment":[{"href":"https:\/\/www.radiopresidenteibanez.cl\/web\/wp-json\/wp\/v2\/media?parent=37085"}],"wp:term":[{"taxonomy":"category","embeddable":true,"href":"https:\/\/www.radiopresidenteibanez.cl\/web\/wp-json\/wp\/v2\/categories?post=37085"},{"taxonomy":"post_tag","embeddable":true,"href":"https:\/\/www.radiopresidenteibanez.cl\/web\/wp-json\/wp\/v2\/tags?post=37085"}],"curies":[{"name":"wp","href":"https:\/\/api.w.org\/{rel}","templated":true}]}}