{"id":37073,"date":"2023-02-01T02:07:00","date_gmt":"2023-02-01T05:07:00","guid":{"rendered":"https:\/\/www.radiopresidenteibanez.cl\/web\/?p=37073"},"modified":"2023-01-31T23:31:32","modified_gmt":"2023-02-01T02:31:32","slug":"profesionales-de-servicio-pais-natales-finalizan-labor-2022-entregando-cuenta-publica","status":"publish","type":"post","link":"https:\/\/www.radiopresidenteibanez.cl\/web\/profesionales-de-servicio-pais-natales-finalizan-labor-2022-entregando-cuenta-publica\/","title":{"rendered":"<strong>PROFESIONALES DE SERVICIO PA\u00cdS NATALES FINALIZAN LABOR 2022 ENTREGANDO CUENTA P\u00daBLICA<\/strong>"},"content":{"rendered":"\n<p>Este lunes \u00faltimo, el equipo de profesionales del Programa Servicio Pa\u00eds Natales, perteneciente a la Fundaci\u00f3n Superaci\u00f3n de la Pobreza, present\u00f3 el Radioteatro titulado, \u201cLas Gallinas Turisteando\u201d, y entreg\u00f3 cuenta p\u00fablica de los hitos y actividades m\u00e1s importantes desarrolladas durante el 2022 y parte de este 2023 en Puerto Ed\u00e9n y Natales.<\/p>\n\n\n\n<p>El equipo de Servicio Pa\u00eds, compuesto por la periodista Ver\u00f3nica Burdiles, la actriz Vania Erazo y el trabajador social Alexis Soto, realiz\u00f3 intervenciones en ambos territorios, entregando todo su profesionalismo y compromiso, desarrollando diversas actividades con la comunidad de artesanas de Puerto Ed\u00e9n y personas mayores en Natales, generando v\u00ednculos y confianzas a trav\u00e9s de la descentralizaci\u00f3n y la participaci\u00f3n social.<\/p>\n\n\n\n<p>En la cuenta p\u00fablica, recordaron un importante Encuentro Cultural de Personas Mayores en Natales, donde fue invitada la destacada actriz nacional, Gabriela Hern\u00e1ndez, junto a la Fundaci\u00f3n Geroactivismo y la Fundaci\u00f3n Teatro a Mil.<\/p>\n\n\n\n<p>La delegada Romina \u00c1lvarez Alarc\u00f3n junto a la directora regional de Servicio Pa\u00eds, Carola Tapia Caballero, valoraron el profesionalismo de las y los j\u00f3venes que a\u00f1o tras a\u00f1o llegan a la regi\u00f3n para trabajar por las comunidades m\u00e1s apartadas; y el 2022 pudieron reactivar lo que congel\u00f3 la pandemia, ya que gracias a la labor de los equipos de Servicio Pa\u00eds se pudo fortalecer la asociatividad de los clubes de personas mayores y generar nuevos instrumentos de intervenci\u00f3n para el crecimiento y autonom\u00eda de las localidades.<\/p>\n\n\n\n<p>\u201cEsperamos seguir con estos convenios colaborativos, pero con el fin \u00f3ptimo de descentralizar, de llegar a las distintas partes de la Provincia de \u00daltima Esperanza, pero tambi\u00e9n de realizar un trabajo responsable, cercano y atingente a la realidad de la ciudadan\u00eda\u201d, destac\u00f3 la delegada presidencial provincial.<\/p>\n","protected":false},"excerpt":{"rendered":"<p>Este lunes \u00faltimo, el equipo de profesionales del Programa Servicio Pa\u00eds Natales, perteneciente a la Fundaci\u00f3n Superaci\u00f3n de la Pobreza, present\u00f3 el Radioteatro titulado, \u201cLas Gallinas Turisteando\u201d, y entreg\u00f3 cuenta&#8230; <a class=\"read-more\" href=\"https:\/\/www.radiopresidenteibanez.cl\/web\/profesionales-de-servicio-pais-natales-finalizan-labor-2022-entregando-cuenta-publica\/\">Leer m\u00e1s<\/a><\/p>\n","protected":false},"author":2,"featured_media":37074,"comment_status":"closed","ping_status":"closed","sticky":false,"template":"","format":"standard","meta":{"footnotes":""},"categories":[1],"tags":[],"class_list":["post-37073","post","type-post","status-publish","format-standard","has-post-thumbnail","hentry","category-cronica"],"_links":{"self":[{"href":"https:\/\/www.radiopresidenteibanez.cl\/web\/wp-json\/wp\/v2\/posts\/37073","targetHints":{"allow":["GET"]}}],"collection":[{"href":"https:\/\/www.radiopresidenteibanez.cl\/web\/wp-json\/wp\/v2\/posts"}],"about":[{"href":"https:\/\/www.radiopresidenteibanez.cl\/web\/wp-json\/wp\/v2\/types\/post"}],"author":[{"embeddable":true,"href":"https:\/\/www.radiopresidenteibanez.cl\/web\/wp-json\/wp\/v2\/users\/2"}],"replies":[{"embeddable":true,"href":"https:\/\/www.radiopresidenteibanez.cl\/web\/wp-json\/wp\/v2\/comments?post=37073"}],"version-history":[{"count":0,"href":"https:\/\/www.radiopresidenteibanez.cl\/web\/wp-json\/wp\/v2\/posts\/37073\/revisions"}],"wp:featuredmedia":[{"embeddable":true,"href":"https:\/\/www.radiopresidenteibanez.cl\/web\/wp-json\/wp\/v2\/media\/37074"}],"wp:attachment":[{"href":"https:\/\/www.radiopresidenteibanez.cl\/web\/wp-json\/wp\/v2\/media?parent=37073"}],"wp:term":[{"taxonomy":"category","embeddable":true,"href":"https:\/\/www.radiopresidenteibanez.cl\/web\/wp-json\/wp\/v2\/categories?post=37073"},{"taxonomy":"post_tag","embeddable":true,"href":"https:\/\/www.radiopresidenteibanez.cl\/web\/wp-json\/wp\/v2\/tags?post=37073"}],"curies":[{"name":"wp","href":"https:\/\/api.w.org\/{rel}","templated":true}]}}