{"id":3707,"date":"2019-04-26T13:52:07","date_gmt":"2019-04-26T13:52:07","guid":{"rendered":"http:\/\/www.radiopresidenteibanez.cl\/web\/?p=3707"},"modified":"2019-04-26T13:52:36","modified_gmt":"2019-04-26T13:52:36","slug":"sernatur-magallanes-trajo-la-nieve-a-las-calles-de-santiago-2","status":"publish","type":"post","link":"https:\/\/www.radiopresidenteibanez.cl\/web\/sernatur-magallanes-trajo-la-nieve-a-las-calles-de-santiago-2\/","title":{"rendered":"SERNATUR MAGALLANES TRAJO LA NIEVE A LAS CALLES DE SANTIAGO"},"content":{"rendered":"\n<p>Toda la belleza de las blancas\nnieves magall\u00e1nicas llegaron hasta el coraz\u00f3n de Providencia plasmando toda la\nmagia del invierno de la regi\u00f3n m\u00e1s austral del mundo. Los visitantes vivieron una\nexperiencia invernal al interior de un domo gigante con nieve artificial, adem\u00e1s\nde fotografiarse con los parajes y personajes mas t\u00edpicos de la regi\u00f3n como son\nel Ovejero Magall\u00e1nico, las maravillas de Torres del Paine y el imponente\nPing\u00fcino Rey.<\/p>\n\n\n\n<p>Al respecto, la directora\nnacional de Sernatur, Andrea Wolleter, dijo que \u201centre los meses de mayo y\njulio de 2018 la Regi\u00f3n de Magallanes y la Ant\u00e1rtica Chilena recibi\u00f3 a m\u00e1s de\n25 mil turistas nacionales en sus \u00c1reas Silvestres Protegidas. Creemos\nfirmemente que este lanzamiento de temporada fortalecer\u00e1 su oferta y promoci\u00f3n permitiendo\ndemostrar que tanto en invierno como verano la regi\u00f3n ofrece parajes \u00fanicos,\nreconocida por sus fiordos y monta\u00f1as, canales y glaciares, bosques milenarios\ny su extensa pampa magall\u00e1nica\u201d. <\/p>\n\n\n\n<p>Por su parte, la directora\nregional de Sernatur, Ximena Castro, invit\u00f3 a los chilenos a hacerse parte de\nlas miles de experiencias que podr\u00e1n disfrutar en la regi\u00f3n patag\u00f3nica. \u201cEntre\nlos a\u00f1os 2014 y 2018 hemos tenido un incremento del 18% en la llegada de\npasajeros. Queremos seguir aumentando el n\u00famero de visitas y es por eso que invitamos\na toda la gente a maravillarse con un invierno lleno de posibilidades. El\ninvierno en la Regi\u00f3n de Magallanes y la Ant\u00e1rtica Chilena abre las opciones de\nvivir experiencias \u00fanicas e irrepetibles\u201d.<\/p>\n\n\n\n<p>La actividad dio la posibilidad de\nfotografiarse en un ambiente magall\u00e1nico, permitiendo vivir parte de la\nexperiencia del invierno de la zona, adem\u00e1s de diversas actividades y la\ncompa\u00f1\u00eda de m\u00fasica jazz en vivo.<\/p>\n\n\n\n<p>El evento se extendi\u00f3 hasta las 22:00 horas y los asistentes pudieron conocer m\u00e1s sobre lo que la regi\u00f3n m\u00e1s austral de Chile tiene para ofrecer.<\/p>\n\n\n\n<ul class=\"wp-block-gallery columns-2 is-cropped wp-block-gallery-1 is-layout-flex wp-block-gallery-is-layout-flex\"><li class=\"blocks-gallery-item\"><figure><img loading=\"lazy\" decoding=\"async\" width=\"1024\" height=\"768\" src=\"https:\/\/www.radiopresidenteibanez.cl\/web\/wp-content\/uploads\/2019\/04\/WhatsApp-Image-2019-04-10-at-21.07.39-1-1024x768.jpeg\" alt=\"\" data-id=\"3708\" data-link=\"https:\/\/www.radiopresidenteibanez.cl\/web\/?attachment_id=3708\" class=\"wp-image-3708\" srcset=\"https:\/\/www.radiopresidenteibanez.cl\/web\/wp-content\/uploads\/2019\/04\/WhatsApp-Image-2019-04-10-at-21.07.39-1-1024x768.jpeg 1024w, https:\/\/www.radiopresidenteibanez.cl\/web\/wp-content\/uploads\/2019\/04\/WhatsApp-Image-2019-04-10-at-21.07.39-1-300x225.jpeg 300w, https:\/\/www.radiopresidenteibanez.cl\/web\/wp-content\/uploads\/2019\/04\/WhatsApp-Image-2019-04-10-at-21.07.39-1-768x576.jpeg 768w, https:\/\/www.radiopresidenteibanez.cl\/web\/wp-content\/uploads\/2019\/04\/WhatsApp-Image-2019-04-10-at-21.07.39-1.jpeg 1280w\" sizes=\"auto, (max-width: 1024px) 100vw, 1024px\" \/><\/figure><\/li><li class=\"blocks-gallery-item\"><figure><img loading=\"lazy\" decoding=\"async\" width=\"1024\" height=\"768\" src=\"https:\/\/www.radiopresidenteibanez.cl\/web\/wp-content\/uploads\/2019\/04\/WhatsApp-Image-2019-04-10-at-21.07.43-1024x768.jpeg\" alt=\"\" data-id=\"3709\" data-link=\"https:\/\/www.radiopresidenteibanez.cl\/web\/?attachment_id=3709\" class=\"wp-image-3709\" srcset=\"https:\/\/www.radiopresidenteibanez.cl\/web\/wp-content\/uploads\/2019\/04\/WhatsApp-Image-2019-04-10-at-21.07.43-1024x768.jpeg 1024w, https:\/\/www.radiopresidenteibanez.cl\/web\/wp-content\/uploads\/2019\/04\/WhatsApp-Image-2019-04-10-at-21.07.43-300x225.jpeg 300w, https:\/\/www.radiopresidenteibanez.cl\/web\/wp-content\/uploads\/2019\/04\/WhatsApp-Image-2019-04-10-at-21.07.43-768x576.jpeg 768w, https:\/\/www.radiopresidenteibanez.cl\/web\/wp-content\/uploads\/2019\/04\/WhatsApp-Image-2019-04-10-at-21.07.43.jpeg 1280w\" sizes=\"auto, (max-width: 1024px) 100vw, 1024px\" \/><\/figure><\/li><\/ul>\n","protected":false},"excerpt":{"rendered":"<p>Toda la belleza de las blancas nieves magall\u00e1nicas llegaron hasta el coraz\u00f3n de Providencia plasmando toda la magia del invierno de la regi\u00f3n m\u00e1s austral del mundo. Los visitantes vivieron&#8230; <a class=\"read-more\" href=\"https:\/\/www.radiopresidenteibanez.cl\/web\/sernatur-magallanes-trajo-la-nieve-a-las-calles-de-santiago-2\/\">Leer m\u00e1s<\/a><\/p>\n","protected":false},"author":2,"featured_media":3709,"comment_status":"closed","ping_status":"closed","sticky":false,"template":"","format":"standard","meta":{"footnotes":""},"categories":[1],"tags":[],"class_list":["post-3707","post","type-post","status-publish","format-standard","has-post-thumbnail","hentry","category-cronica"],"_links":{"self":[{"href":"https:\/\/www.radiopresidenteibanez.cl\/web\/wp-json\/wp\/v2\/posts\/3707","targetHints":{"allow":["GET"]}}],"collection":[{"href":"https:\/\/www.radiopresidenteibanez.cl\/web\/wp-json\/wp\/v2\/posts"}],"about":[{"href":"https:\/\/www.radiopresidenteibanez.cl\/web\/wp-json\/wp\/v2\/types\/post"}],"author":[{"embeddable":true,"href":"https:\/\/www.radiopresidenteibanez.cl\/web\/wp-json\/wp\/v2\/users\/2"}],"replies":[{"embeddable":true,"href":"https:\/\/www.radiopresidenteibanez.cl\/web\/wp-json\/wp\/v2\/comments?post=3707"}],"version-history":[{"count":0,"href":"https:\/\/www.radiopresidenteibanez.cl\/web\/wp-json\/wp\/v2\/posts\/3707\/revisions"}],"wp:featuredmedia":[{"embeddable":true,"href":"https:\/\/www.radiopresidenteibanez.cl\/web\/wp-json\/wp\/v2\/media\/3709"}],"wp:attachment":[{"href":"https:\/\/www.radiopresidenteibanez.cl\/web\/wp-json\/wp\/v2\/media?parent=3707"}],"wp:term":[{"taxonomy":"category","embeddable":true,"href":"https:\/\/www.radiopresidenteibanez.cl\/web\/wp-json\/wp\/v2\/categories?post=3707"},{"taxonomy":"post_tag","embeddable":true,"href":"https:\/\/www.radiopresidenteibanez.cl\/web\/wp-json\/wp\/v2\/tags?post=3707"}],"curies":[{"name":"wp","href":"https:\/\/api.w.org\/{rel}","templated":true}]}}