{"id":37049,"date":"2023-01-31T17:17:00","date_gmt":"2023-01-31T20:17:00","guid":{"rendered":"https:\/\/www.radiopresidenteibanez.cl\/web\/?p=37049"},"modified":"2023-01-31T10:58:19","modified_gmt":"2023-01-31T13:58:19","slug":"magallanes-redujo-en-un-78-3-la-lista-de-espera-quirurgica","status":"publish","type":"post","link":"https:\/\/www.radiopresidenteibanez.cl\/web\/magallanes-redujo-en-un-78-3-la-lista-de-espera-quirurgica\/","title":{"rendered":"Magallanes redujo en un 78.3% la lista de espera quir\u00fargica"},"content":{"rendered":"\n<p>En abril de 2022, el Ministerio de Salud a trav\u00e9s de la Subsecretar\u00eda de Redes Asistenciales solicit\u00f3<br>a los distintos Servicios de Salud del pa\u00eds a enfocar esfuerzos extraordinarios a la reducci\u00f3n de<br>listas de espera quir\u00fargica de 2017, 2018, 2019 y primer trimestre de 2020. En el caso de la Regi\u00f3n<br>de Magallanes, los recursos financieros y humanos se entregaron al Hospital Cl\u00ednico Magallanes,<br>\u00fanica instituci\u00f3n de alta complejidad de la zona.<br>\u201cEn abril 2022, la lista de espera quir\u00fargica superior a dos a\u00f1os era de 1.169 pacientes. De ese<br>total, al 31 de diciembre del 2022, egresaron 915 pacientes equivalente al 78.3% de disminuci\u00f3n<br>de listas de espera quir\u00fargica que hoy nos posiciona en segundo lugar a nivel nacional\u201d, explic\u00f3<br>Marisol C\u00e1rdenas, jefa (s) Unidad Gesti\u00f3n de la Demanda del Hospital Cl\u00ednico Magallanes.<br>Como parte de las estrategias implementadas por el establecimiento para la reactivaci\u00f3n<br>quir\u00fargica destacan las capacitaciones al personal, compras de servicio, modificaci\u00f3n de bloques<br>quir\u00fargicas priorizando especialidades con mayor demanda, extensi\u00f3n horaria, apoyo de cirujanos<br>de otros centros asistenciales, reforzamiento de recurso humano para la Unidad Prequir\u00fargica,<br>licitaci\u00f3n en ejecuci\u00f3n de 28 cirug\u00edas de pr\u00f3tesis de rodilla, 10 de manguito rotador, 10 de<br>ligamentos cruzados; licitaciones en curso de 7 cirug\u00edas de pr\u00f3tesis de cadera, 10 de hallux valgas;<br>y gesti\u00f3n de ronda de cirujano para resoluci\u00f3n de 2 casos complejos de hernia. A lo anterior, se<br>suman las coordinaciones con la red asistencial para el traslado de pacientes que no pueden ver<br>resuelta su patolog\u00eda en Magallanes.<br>\u201cLos resultados que nos env\u00eda el Ministerio nos dejan muy contentos y motivados para continuar<br>trabajando en la reducci\u00f3n de las listas de espera quir\u00fargica. El 78.3% es tambi\u00e9n el reflejo de los<\/p>\n\n\n\n<p>esfuerzos realizados por el Hospital Cl\u00ednico Magallanes y sus equipos desde que se asumi\u00f3 el<br>compromiso de gesti\u00f3n instruido por Minsal\u201d, destac\u00f3 la Dra. Mar\u00eda Isabel Iduya, directora (s) del<br>centro asistencial.<br>Durante el 2022, el Servicio de Salud Magallanes recibi\u00f3 m\u00e1s de mil millones de pesos para<br>potenciar la reducci\u00f3n de listas de espera en la Regi\u00f3n. Dentro de las especialidades m\u00e1s<br>demandas se encuentran traumatolog\u00eda y digestivo alto.<\/p>\n","protected":false},"excerpt":{"rendered":"<p>En abril de 2022, el Ministerio de Salud a trav\u00e9s de la Subsecretar\u00eda de Redes Asistenciales solicit\u00f3a los distintos Servicios de Salud del pa\u00eds a enfocar esfuerzos extraordinarios a la&#8230; <a class=\"read-more\" href=\"https:\/\/www.radiopresidenteibanez.cl\/web\/magallanes-redujo-en-un-78-3-la-lista-de-espera-quirurgica\/\">Leer m\u00e1s<\/a><\/p>\n","protected":false},"author":2,"featured_media":37050,"comment_status":"closed","ping_status":"closed","sticky":false,"template":"","format":"standard","meta":{"footnotes":""},"categories":[1],"tags":[],"class_list":["post-37049","post","type-post","status-publish","format-standard","has-post-thumbnail","hentry","category-cronica"],"_links":{"self":[{"href":"https:\/\/www.radiopresidenteibanez.cl\/web\/wp-json\/wp\/v2\/posts\/37049","targetHints":{"allow":["GET"]}}],"collection":[{"href":"https:\/\/www.radiopresidenteibanez.cl\/web\/wp-json\/wp\/v2\/posts"}],"about":[{"href":"https:\/\/www.radiopresidenteibanez.cl\/web\/wp-json\/wp\/v2\/types\/post"}],"author":[{"embeddable":true,"href":"https:\/\/www.radiopresidenteibanez.cl\/web\/wp-json\/wp\/v2\/users\/2"}],"replies":[{"embeddable":true,"href":"https:\/\/www.radiopresidenteibanez.cl\/web\/wp-json\/wp\/v2\/comments?post=37049"}],"version-history":[{"count":0,"href":"https:\/\/www.radiopresidenteibanez.cl\/web\/wp-json\/wp\/v2\/posts\/37049\/revisions"}],"wp:featuredmedia":[{"embeddable":true,"href":"https:\/\/www.radiopresidenteibanez.cl\/web\/wp-json\/wp\/v2\/media\/37050"}],"wp:attachment":[{"href":"https:\/\/www.radiopresidenteibanez.cl\/web\/wp-json\/wp\/v2\/media?parent=37049"}],"wp:term":[{"taxonomy":"category","embeddable":true,"href":"https:\/\/www.radiopresidenteibanez.cl\/web\/wp-json\/wp\/v2\/categories?post=37049"},{"taxonomy":"post_tag","embeddable":true,"href":"https:\/\/www.radiopresidenteibanez.cl\/web\/wp-json\/wp\/v2\/tags?post=37049"}],"curies":[{"name":"wp","href":"https:\/\/api.w.org\/{rel}","templated":true}]}}