{"id":37024,"date":"2023-01-31T09:47:01","date_gmt":"2023-01-31T12:47:01","guid":{"rendered":"https:\/\/www.radiopresidenteibanez.cl\/web\/?p=37024"},"modified":"2023-01-31T09:47:10","modified_gmt":"2023-01-31T12:47:10","slug":"desarrollo-social-y-familia-promueve-programa-para-el-bienestar-de-personas-dependientes-y-sus-cuidadores","status":"publish","type":"post","link":"https:\/\/www.radiopresidenteibanez.cl\/web\/desarrollo-social-y-familia-promueve-programa-para-el-bienestar-de-personas-dependientes-y-sus-cuidadores\/","title":{"rendered":"<strong>Desarrollo Social y Familia promueve programa para el bienestar de personas dependientes y sus cuidadores<\/strong>"},"content":{"rendered":"\n<p>Por primera vez en Punta Arenas comenzar\u00e1 a implementarse el Programa Red Local de Apoyos y Cuidados (PRLAC), a cargo del Ministerio de Desarrollo Social y Familia, y que ejecutar\u00e1 la Municipalidad de Punta Arenas, para apoyar a las personas dependientes funcionales, y a quienes entregan cuidados, entendi\u00e9ndose como cuidadores y cuidadoras no remuneradas.<\/p>\n\n\n\n<p>En esta primera versi\u00f3n se beneficiar\u00e1n a 142 personas y para poder cubrir todos los cupos disponibles, la Secretar\u00eda Regional de Desarrollo Social y Familia se encuentra realizando un llamado a inscribirse en la Direcci\u00f3n de Desarrollo Comunitario del municipio, en el email&nbsp;<a href=\"mailto:programarlac@e-puntaarenas.cl\" target=\"_blank\" rel=\"noreferrer noopener\">programarlac@e-puntaarenas.cl<\/a>&nbsp;o al fono 61 220 0650.<\/p>\n\n\n\n<p>Para el Secretario Regional de Desarrollo Social y Familia, Danilo Mimica Mansilla \u201cestamos promoviendo en Punta Arenas este importante programa que entrega servicios y prestaciones para disminuir la progresi\u00f3n de la dependencia, y a su vez, la sobrecarga en el cuidador, porque nuestro ministerio dentro de sus ejes busca&nbsp;implementar en el pa\u00eds el Sistema Nacional de Cuidados, que dentro de sus primeras acciones se encuentra identificando a las personas cuidadoras, mediante la actualizaci\u00f3n de los datos del Registro Social de Hogares, para poder crear una oferta program\u00e1tica pertinente a las realidades y necesidades. A esto se suma el fortalecimiento de los programas de cuidados domiciliarios para reducir la carga de trabajo de las personas cuidadoras, y el fomento de la capacitaci\u00f3n y empleo formal dirigido a quienes ejercen estas labores de manera informal\u201d.<\/p>\n\n\n\n<p>Actualmente el programa Red Local de Apoyos y Cuidados opera en las comunas de Natales y Cabo de Hornos. Para ser beneficiario el requisito es pertenecer hasta el 60% de calificaci\u00f3n socioecon\u00f3mica seg\u00fan el Registro Social de Hogares.<\/p>\n\n\n\n<p>V\u00edctor Villarroel Ojeda es uno de los usuarios del programa de Natales.Al respecto coment\u00f3 que\u201cestoy muy contento con este programa porque me ha ayudado a llevar mi condici\u00f3n de discapacitado. He recibido mucha ayuda de los trabajadores y estoy contento de saber que el programa contin\u00faa en Natales. La cama especial que me trajeron me cambi\u00f3 la vida, y ahora me permite descansar bien, porque es una cama para personas de mi condici\u00f3n. Mi problema en las piernas lo tengo desde hace tres a\u00f1os, y desde ese momento, siempre me han ido a ver\u201d.<\/p>\n\n\n\n<p><strong>Funcionamiento del programa<\/strong><\/p>\n\n\n\n<p>El programa brinda un servicio de atenci\u00f3n domiciliaria, que pone a disposici\u00f3n de un asistente para disminuir la sobrecarga del cuidador\/a principal que atiende a la persona con dependencia.<\/p>\n\n\n\n<p>Este profesional de apoyo asiste al hogar dos veces por semana (durante 4 horas por d\u00eda) para colaborar en algunas tareas cotidianas, a fin de que el cuidador pueda salir y realizar sus actividades fuera del hogar, y no dejar solo a la persona con dependencia.<\/p>\n\n\n\n<p>Tambi\u00e9n, otorga el financiamiento de servicios especializados, que son bienes o servicios que el programa pone a disposici\u00f3n de la persona con dependencia funcional para cubrir sus necesidades particulares, como por ejemplo, la ayuda de un psic\u00f3logo, kinesi\u00f3logo, pod\u00f3logo, dentista o peluquero.<\/p>\n","protected":false},"excerpt":{"rendered":"<p>Por primera vez en Punta Arenas comenzar\u00e1 a implementarse el Programa Red Local de Apoyos y Cuidados (PRLAC), a cargo del Ministerio de Desarrollo Social y Familia, y que ejecutar\u00e1&#8230; <a class=\"read-more\" href=\"https:\/\/www.radiopresidenteibanez.cl\/web\/desarrollo-social-y-familia-promueve-programa-para-el-bienestar-de-personas-dependientes-y-sus-cuidadores\/\">Leer m\u00e1s<\/a><\/p>\n","protected":false},"author":2,"featured_media":37025,"comment_status":"closed","ping_status":"closed","sticky":false,"template":"","format":"standard","meta":{"footnotes":""},"categories":[1],"tags":[],"class_list":["post-37024","post","type-post","status-publish","format-standard","has-post-thumbnail","hentry","category-cronica"],"_links":{"self":[{"href":"https:\/\/www.radiopresidenteibanez.cl\/web\/wp-json\/wp\/v2\/posts\/37024","targetHints":{"allow":["GET"]}}],"collection":[{"href":"https:\/\/www.radiopresidenteibanez.cl\/web\/wp-json\/wp\/v2\/posts"}],"about":[{"href":"https:\/\/www.radiopresidenteibanez.cl\/web\/wp-json\/wp\/v2\/types\/post"}],"author":[{"embeddable":true,"href":"https:\/\/www.radiopresidenteibanez.cl\/web\/wp-json\/wp\/v2\/users\/2"}],"replies":[{"embeddable":true,"href":"https:\/\/www.radiopresidenteibanez.cl\/web\/wp-json\/wp\/v2\/comments?post=37024"}],"version-history":[{"count":0,"href":"https:\/\/www.radiopresidenteibanez.cl\/web\/wp-json\/wp\/v2\/posts\/37024\/revisions"}],"wp:featuredmedia":[{"embeddable":true,"href":"https:\/\/www.radiopresidenteibanez.cl\/web\/wp-json\/wp\/v2\/media\/37025"}],"wp:attachment":[{"href":"https:\/\/www.radiopresidenteibanez.cl\/web\/wp-json\/wp\/v2\/media?parent=37024"}],"wp:term":[{"taxonomy":"category","embeddable":true,"href":"https:\/\/www.radiopresidenteibanez.cl\/web\/wp-json\/wp\/v2\/categories?post=37024"},{"taxonomy":"post_tag","embeddable":true,"href":"https:\/\/www.radiopresidenteibanez.cl\/web\/wp-json\/wp\/v2\/tags?post=37024"}],"curies":[{"name":"wp","href":"https:\/\/api.w.org\/{rel}","templated":true}]}}