{"id":37011,"date":"2023-01-30T15:27:00","date_gmt":"2023-01-30T18:27:00","guid":{"rendered":"https:\/\/www.radiopresidenteibanez.cl\/web\/?p=37011"},"modified":"2023-01-30T10:40:37","modified_gmt":"2023-01-30T13:40:37","slug":"direccion-del-hospital-dr-augusto-essmann-homenajeo-al-servicio-de-ginecologia-y-obstetricia-por-destacarse-en-ser-el-equipo-mas-felicitado-por-la-comunidad-natalina","status":"publish","type":"post","link":"https:\/\/www.radiopresidenteibanez.cl\/web\/direccion-del-hospital-dr-augusto-essmann-homenajeo-al-servicio-de-ginecologia-y-obstetricia-por-destacarse-en-ser-el-equipo-mas-felicitado-por-la-comunidad-natalina\/","title":{"rendered":"Direcci\u00f3n del Hospital Dr. Augusto Essmann homenaje\u00f3 al Servicio de Ginecolog\u00eda y Obstetricia por destacarse en ser el equipo m\u00e1s felicitado por la comunidad natalina"},"content":{"rendered":"\n<p>Obedeciendo a la calidad de servicio, atenci\u00f3n y profesionalismo de sus funcionarios\/as, la<br>direcci\u00f3n del recinto asistencial natalino, homenaje\u00f3 y reconoci\u00f3 al Servicio de<br>Ginecolog\u00eda y Obstetricia por ser el equipo con m\u00e1s felicitaciones durante el a\u00f1o 2022 con<br>260 reconocimientos conforme al ingreso de solicitudes a trav\u00e9s de la Oficina de<br>Informaci\u00f3n, Reclamos y Sugerencias (OIRS).<br>En forma paralela, el Servicio de M\u00e9dico Quir\u00fargico Adulto de igual forma fue reconocido<br>por la comunidad natalina con 130 felicitaciones, lo que viene a reforzar la calidad de<br>atenci\u00f3n y compromiso de los funcionarios\/as que contin\u00faan brindando prestaciones de<br>salud oportunas a la comunidad.<br>Por su parte, el director del hospital de Puerto Natales, Ricardo Moya M\u00e1rquez, se\u00f1al\u00f3<br>que \u201ces de gran importancia que este tipo de reconocimientos sean visibilizados por<br>nuestros funcionarios\/as, las jefaturas y la comunidad en general. Hoy en conjunto con<br>OIRS, visitamos el Servicio de Ginecolog\u00eda y Obstetricia, como tambi\u00e9n el Servicio de<br>M\u00e9dico Quir\u00fargico Adulto, quienes fueron los mas felicitados durante el a\u00f1o 2022\u201d.<br>Adem\u00e1s, el director del recinto asistencial agreg\u00f3 que \u201ccontinuaremos con estas pr\u00e1cticas<br>de reconocer las cosas que se hacen de buena manera, ya que tambi\u00e9n se traduce en una<br>herramienta de motivaci\u00f3n, sobre todo si son reconocidos por nuestros usuarios\/as\u201d,<br>puntualiz\u00f3.<\/p>\n","protected":false},"excerpt":{"rendered":"<p>Obedeciendo a la calidad de servicio, atenci\u00f3n y profesionalismo de sus funcionarios\/as, ladirecci\u00f3n del recinto asistencial natalino, homenaje\u00f3 y reconoci\u00f3 al Servicio deGinecolog\u00eda y Obstetricia por ser el equipo con&#8230; <a class=\"read-more\" href=\"https:\/\/www.radiopresidenteibanez.cl\/web\/direccion-del-hospital-dr-augusto-essmann-homenajeo-al-servicio-de-ginecologia-y-obstetricia-por-destacarse-en-ser-el-equipo-mas-felicitado-por-la-comunidad-natalina\/\">Leer m\u00e1s<\/a><\/p>\n","protected":false},"author":2,"featured_media":37012,"comment_status":"closed","ping_status":"closed","sticky":false,"template":"","format":"standard","meta":{"footnotes":""},"categories":[1],"tags":[],"class_list":["post-37011","post","type-post","status-publish","format-standard","has-post-thumbnail","hentry","category-cronica"],"_links":{"self":[{"href":"https:\/\/www.radiopresidenteibanez.cl\/web\/wp-json\/wp\/v2\/posts\/37011","targetHints":{"allow":["GET"]}}],"collection":[{"href":"https:\/\/www.radiopresidenteibanez.cl\/web\/wp-json\/wp\/v2\/posts"}],"about":[{"href":"https:\/\/www.radiopresidenteibanez.cl\/web\/wp-json\/wp\/v2\/types\/post"}],"author":[{"embeddable":true,"href":"https:\/\/www.radiopresidenteibanez.cl\/web\/wp-json\/wp\/v2\/users\/2"}],"replies":[{"embeddable":true,"href":"https:\/\/www.radiopresidenteibanez.cl\/web\/wp-json\/wp\/v2\/comments?post=37011"}],"version-history":[{"count":0,"href":"https:\/\/www.radiopresidenteibanez.cl\/web\/wp-json\/wp\/v2\/posts\/37011\/revisions"}],"wp:featuredmedia":[{"embeddable":true,"href":"https:\/\/www.radiopresidenteibanez.cl\/web\/wp-json\/wp\/v2\/media\/37012"}],"wp:attachment":[{"href":"https:\/\/www.radiopresidenteibanez.cl\/web\/wp-json\/wp\/v2\/media?parent=37011"}],"wp:term":[{"taxonomy":"category","embeddable":true,"href":"https:\/\/www.radiopresidenteibanez.cl\/web\/wp-json\/wp\/v2\/categories?post=37011"},{"taxonomy":"post_tag","embeddable":true,"href":"https:\/\/www.radiopresidenteibanez.cl\/web\/wp-json\/wp\/v2\/tags?post=37011"}],"curies":[{"name":"wp","href":"https:\/\/api.w.org\/{rel}","templated":true}]}}