{"id":37005,"date":"2023-01-30T13:04:00","date_gmt":"2023-01-30T16:04:00","guid":{"rendered":"https:\/\/www.radiopresidenteibanez.cl\/web\/?p=37005"},"modified":"2023-01-30T10:14:09","modified_gmt":"2023-01-30T13:14:09","slug":"partido-socialista","status":"publish","type":"post","link":"https:\/\/www.radiopresidenteibanez.cl\/web\/partido-socialista\/","title":{"rendered":"PARTIDO SOCIALISTA"},"content":{"rendered":"\n<p>El Partido Socialista cumplir\u00e1 en el mes de abril 90 a\u00f1os desde su fundaci\u00f3n. Desde su<br>origen ha sido parte de los proyectos de transformaci\u00f3n social y pol\u00edtica del pa\u00eds. En su<br>largo camino ha aprendido que s\u00f3lo la UNIDAD de las fuerzas transformadoras permite<br>asegurar los cambios, la mejora de la vida de nuestro pueblo, la proyecci\u00f3n del<br>bienestar, la democracia, la igualdad y la libertad cuando esta ha sido arrebatada.<br>El Partido Socialista de Chile tom\u00f3 la decisi\u00f3n de respaldar, en su momento, y de<br>integrar, posteriormente, el gobierno del presidente Gabriel Boric. Lo hizo sin c\u00e1lculos y<br>sin pedir nada a cambio, movido solo por la convicci\u00f3n de que era y es lo que el pa\u00eds<br>necesita. Lo hizo porque era la alternativa de cambios en la sociedad frente a una<br>derecha que quiere retrotraer lo que con mucho esfuerzo y dificultades hemos<br>construido en estos a\u00f1os.<br>A la hora de enfrentar la din\u00e1mica pol\u00edtica y electoral que se ha abierto en el pa\u00eds, en<br>especial para elegir consejeros constitucionales, debemos asumir plenamente nuestra<br>condici\u00f3n de partido de izquierda, que busca la unidad social y pol\u00edtica.<br>La decisi\u00f3n de ir en lista unitaria se explica fundamentalmente por la necesidad de<br>enfrentar el crecimiento de la derecha y las fuerzas conservadoras y poder reponer un<br>esfuerzo transformador en la sociedad chilena luego de la derrota del 4S.<br>La Unidad es cuesti\u00f3n del presente, pero es sobre todo cuesti\u00f3n del futuro. No solo para<br>esta elecci\u00f3n, no solo para apoyar y respaldar al gobierno que impulsa reformas en favor<br>de nuestro pueblo; sino para proyectar a futuro una fuerza pol\u00edtica transformadora que<br>requiere Chile y eso implica proyectar la unidad tambi\u00e9n para los pr\u00f3ximos desaf\u00edos<br>pol\u00edticos. Tenemos que ir unidos desde la DC hasta el PC.<br>Los invitamos a sumarse, porque la unidad ayer fue fundamental para derrotar la<br>dictadura y la unidad hoy ser\u00e1 lo que permita terminar con la Constituci\u00f3n de esa etapa<br>oscura. Lucharemos por la lista \u00fanica; no olvidemos que el adversario est\u00e1 al frente y es<br>la derecha y los grupos populistas.<br>Para definir los pasos que hagan posible la unidad, confiamos en nuestra democracia<br>interna y en los \u00f3rganos del partido y que sea la Comisi\u00f3n Pol\u00edtica quien discuta y<br>determine las candidaturas y viabilizar las mejores condiciones de la Unidad para la<br>elecci\u00f3n de consejeros constitucionales.<br>Agradecemos y reconocemos el liderazgo de la presidenta Michelle Bachelet y estamos<br>confiados que con la unidad podremos impulsar el mejor logro electoral y pol\u00edtico para<br>una nueva Constituci\u00f3n por los cambios que Chile necesita. Llamamos a las fuerzas<br>sociales, a los partidos pol\u00edticos, a los y las trabajadoras, a los movimientos sociales y<br>ciudadanos, a movilizarse y trabajar por la unidad.<\/p>\n\n\n\n<p>Y en el a\u00f1o que nuestro Partido cumple sus 90 a\u00f1os de historia, damos inicio a la<br>convocatoria de las acciones partidarias hacia el trig\u00e9simo segundo Congreso Nacional,<br>que se realizar\u00e1 los d\u00edas 24, 25 y 26 de junio y llevar\u00e1 el nombre de Carlos Lorca Tobar.<\/p>\n","protected":false},"excerpt":{"rendered":"<p>El Partido Socialista cumplir\u00e1 en el mes de abril 90 a\u00f1os desde su fundaci\u00f3n. Desde suorigen ha sido parte de los proyectos de transformaci\u00f3n social y pol\u00edtica del pa\u00eds. En&#8230; <a class=\"read-more\" href=\"https:\/\/www.radiopresidenteibanez.cl\/web\/partido-socialista\/\">Leer m\u00e1s<\/a><\/p>\n","protected":false},"author":2,"featured_media":37006,"comment_status":"closed","ping_status":"closed","sticky":false,"template":"","format":"standard","meta":{"footnotes":""},"categories":[1],"tags":[],"class_list":["post-37005","post","type-post","status-publish","format-standard","has-post-thumbnail","hentry","category-cronica"],"_links":{"self":[{"href":"https:\/\/www.radiopresidenteibanez.cl\/web\/wp-json\/wp\/v2\/posts\/37005","targetHints":{"allow":["GET"]}}],"collection":[{"href":"https:\/\/www.radiopresidenteibanez.cl\/web\/wp-json\/wp\/v2\/posts"}],"about":[{"href":"https:\/\/www.radiopresidenteibanez.cl\/web\/wp-json\/wp\/v2\/types\/post"}],"author":[{"embeddable":true,"href":"https:\/\/www.radiopresidenteibanez.cl\/web\/wp-json\/wp\/v2\/users\/2"}],"replies":[{"embeddable":true,"href":"https:\/\/www.radiopresidenteibanez.cl\/web\/wp-json\/wp\/v2\/comments?post=37005"}],"version-history":[{"count":0,"href":"https:\/\/www.radiopresidenteibanez.cl\/web\/wp-json\/wp\/v2\/posts\/37005\/revisions"}],"wp:featuredmedia":[{"embeddable":true,"href":"https:\/\/www.radiopresidenteibanez.cl\/web\/wp-json\/wp\/v2\/media\/37006"}],"wp:attachment":[{"href":"https:\/\/www.radiopresidenteibanez.cl\/web\/wp-json\/wp\/v2\/media?parent=37005"}],"wp:term":[{"taxonomy":"category","embeddable":true,"href":"https:\/\/www.radiopresidenteibanez.cl\/web\/wp-json\/wp\/v2\/categories?post=37005"},{"taxonomy":"post_tag","embeddable":true,"href":"https:\/\/www.radiopresidenteibanez.cl\/web\/wp-json\/wp\/v2\/tags?post=37005"}],"curies":[{"name":"wp","href":"https:\/\/api.w.org\/{rel}","templated":true}]}}