{"id":36987,"date":"2023-01-29T12:21:00","date_gmt":"2023-01-29T15:21:00","guid":{"rendered":"https:\/\/www.radiopresidenteibanez.cl\/web\/?p=36987"},"modified":"2023-01-28T13:15:41","modified_gmt":"2023-01-28T16:15:41","slug":"los-dias-25-y-26-de-febrero-regresa-la-fiestacampesina-del-ovejero-a-cerro-sombrero","status":"publish","type":"post","link":"https:\/\/www.radiopresidenteibanez.cl\/web\/los-dias-25-y-26-de-febrero-regresa-la-fiestacampesina-del-ovejero-a-cerro-sombrero\/","title":{"rendered":"Los d\u00edas 25 y 26 de febrero regresa la Fiesta<br>Campesina del Ovejero a Cerro Sombrero"},"content":{"rendered":"\n<p>Con la presencia de diversas autoridades de la regi\u00f3n, en la sede comunitaria de<br>Cerro Sombrero, se realiz\u00f3 el lanzamiento de la versi\u00f3n XXIII de la Fiesta<br>Campesina del Ovejero que regresa tras dos a\u00f1os de suspensi\u00f3n debido a la<br>pandemia del coronavirus.<br>La iniciativa es organizada por la Ilustre Municipalidad de Primavera y es<br>financiada con recursos del Gobierno Regional de Magallanes y de la Ant\u00e1rtica<br>Chilena por un monto cercano a los 50 millones de pesos.<br>\u201cEsta es una fiesta que cierra el verano. Invitamos a todos los magall\u00e1nicos y<br>tur\u00edsticas a participar. Esta es una fiesta emblem\u00e1tica de la regi\u00f3n. Estamos en<br>plena reactivaci\u00f3n del verano para que las personas puedan conocer a los<br>ovejeros y ovejeras de este territorio. Ser\u00e1n dos d\u00edas intensos\u201d destac\u00f3 el<br>Gobernador Jorge Flies.<br>Por su parte, el alcalde de Primavera, Blagomir Brztilo, coment\u00f3 que \u201ces una<br>actividad que extra\u00f1\u00e1bamos mucho. Un evento s\u00faper relevante para la comuna<br>que busca poner en valor y dignificar el trabajo que realiza la gente de campo\u201d.<br>Asimismo, el Consejero Regional de Tierra del Fuego, Rodolfo C\u00e1rdenas, recalc\u00f3<br>que \u201cesto nos permite que visitantes de toda la regi\u00f3n y tambi\u00e9n de afuera puedan<br>llegar a este hermoso lugar de Tierra del Fuego y as\u00ed puedan conocer y comprar<br>recursos locales\u201d.<br>La primera jornada iniciar\u00e1 con la inscripci\u00f3n a la competencia de perros ovejeros<br>y continuar\u00e1 con un almuerzo de cordero acompa\u00f1ado de n\u00fameros art\u00edsticos.<br>Durante la noche, se realizar\u00e1 la pe\u00f1a folcl\u00f3rica, en el Centro de Eventos \u201cLa<br>Ponderosa\u201d, donde se presentar\u00e1n artistas nacionales e internacionales.<br>Por \u00faltimo, para el domingo, se realizar\u00e1n las jineteadas y el almuerzo que<br>tambi\u00e9n contar\u00e1 con un espect\u00e1culo art\u00edstico.<br>Adem\u00e1s, el evento tendr\u00e1 una feria productiva en la cual diferentes<br>emprendedores dar\u00e1n a conocer sus trabajos de confecci\u00f3n y venta de artesan\u00eda.<br>La entrada es totalmente gratuita.<\/p>\n","protected":false},"excerpt":{"rendered":"<p>Con la presencia de diversas autoridades de la regi\u00f3n, en la sede comunitaria deCerro Sombrero, se realiz\u00f3 el lanzamiento de la versi\u00f3n XXIII de la FiestaCampesina del Ovejero que regresa&#8230; <a class=\"read-more\" href=\"https:\/\/www.radiopresidenteibanez.cl\/web\/los-dias-25-y-26-de-febrero-regresa-la-fiestacampesina-del-ovejero-a-cerro-sombrero\/\">Leer m\u00e1s<\/a><\/p>\n","protected":false},"author":2,"featured_media":36988,"comment_status":"closed","ping_status":"closed","sticky":false,"template":"","format":"standard","meta":{"footnotes":""},"categories":[1],"tags":[],"class_list":["post-36987","post","type-post","status-publish","format-standard","has-post-thumbnail","hentry","category-cronica"],"_links":{"self":[{"href":"https:\/\/www.radiopresidenteibanez.cl\/web\/wp-json\/wp\/v2\/posts\/36987","targetHints":{"allow":["GET"]}}],"collection":[{"href":"https:\/\/www.radiopresidenteibanez.cl\/web\/wp-json\/wp\/v2\/posts"}],"about":[{"href":"https:\/\/www.radiopresidenteibanez.cl\/web\/wp-json\/wp\/v2\/types\/post"}],"author":[{"embeddable":true,"href":"https:\/\/www.radiopresidenteibanez.cl\/web\/wp-json\/wp\/v2\/users\/2"}],"replies":[{"embeddable":true,"href":"https:\/\/www.radiopresidenteibanez.cl\/web\/wp-json\/wp\/v2\/comments?post=36987"}],"version-history":[{"count":0,"href":"https:\/\/www.radiopresidenteibanez.cl\/web\/wp-json\/wp\/v2\/posts\/36987\/revisions"}],"wp:featuredmedia":[{"embeddable":true,"href":"https:\/\/www.radiopresidenteibanez.cl\/web\/wp-json\/wp\/v2\/media\/36988"}],"wp:attachment":[{"href":"https:\/\/www.radiopresidenteibanez.cl\/web\/wp-json\/wp\/v2\/media?parent=36987"}],"wp:term":[{"taxonomy":"category","embeddable":true,"href":"https:\/\/www.radiopresidenteibanez.cl\/web\/wp-json\/wp\/v2\/categories?post=36987"},{"taxonomy":"post_tag","embeddable":true,"href":"https:\/\/www.radiopresidenteibanez.cl\/web\/wp-json\/wp\/v2\/tags?post=36987"}],"curies":[{"name":"wp","href":"https:\/\/api.w.org\/{rel}","templated":true}]}}