{"id":36966,"date":"2023-01-28T10:14:00","date_gmt":"2023-01-28T13:14:00","guid":{"rendered":"https:\/\/www.radiopresidenteibanez.cl\/web\/?p=36966"},"modified":"2023-01-28T12:53:12","modified_gmt":"2023-01-28T15:53:12","slug":"la-moda-se-toma-zona-franca-de-punta-arenas-con-el-desfile-2023","status":"publish","type":"post","link":"https:\/\/www.radiopresidenteibanez.cl\/web\/la-moda-se-toma-zona-franca-de-punta-arenas-con-el-desfile-2023\/","title":{"rendered":"<strong>La moda se toma Zona Franca de Punta Arenas con el Desfile 2023<\/strong>"},"content":{"rendered":"\n<p>Este fin de semana la moda regresa a Zona Franca de Punta Arenas, con un nuevo desfile organizado en conjunto con la academia Catwalk Patagonia. La cita, contar\u00e1 con diversos modelos, entre los que destacan mujeres, hombres, ni\u00f1os y ni\u00f1as.<\/p>\n\n\n\n<p>La iniciativa cuenta con el apoyo de reconocidas marcas locales, que dar\u00e1n a conocer nuevos productos y l\u00edneas de vestuario, en un evento cargado de sorpresas, m\u00fasica en vivo y animaci\u00f3n a cargo del conductor de ITV Patagonia, Mladen Maslov.<\/p>\n\n\n\n<p>\u201cEstamos muy felices de regresar con los desfiles de moda en Zona Franca de Punta Arenas, ya que son instancias muy queridas por los visitantes y p\u00fablico general. Contamos con un espacio para congregar a la familia y acceder a un cat\u00e1logo de productos completamente renovado, con marcas locales, junto a una gran producci\u00f3n de parte de la reconocida academia magall\u00e1nica Catwalk Patagonia. Lo interesante de esta iniciativa, es que no solo veremos a modelos adultos sino tambi\u00e9n ni\u00f1os desfilando, mostrando las dotes aprendidas en la academia\u201d, se\u00f1al\u00f3 Vanessa Simunovic,&nbsp;subgerente de Marketing y Negocios de SRI.<\/p>\n\n\n\n<p>S\u00e1nchez y S\u00e1nchez, Fashion Factory, Jordan, Ansilta, Madness Sport y Luryx, son algunas de las tiendas que dir\u00e1n presentes en el desfile, en una gran oportunidad para entregar una nueva vitrina a sus productos de las mejores marcas internacionales como son Patagonia, Calvin Klein, Tommy Hilfiger, Bimba y Lola, Pandora, Benetton, entre otras.<\/p>\n\n\n\n<p><strong>\u00daLTIMOS D\u00cdAS PARA PARTICIPAR POR HASTA 100 PREMIOS DIARIOS<\/strong><\/p>\n\n\n\n<p>En paralelo, continuar\u00e1 \u201cLa Zona al 100\u201d, concurso que entrega hasta 100 premios diarios a personas que hayan comprado en el recinto franco y que ya ha coronado a cientos de ganadores.<\/p>\n\n\n\n<p>Cada d\u00eda entre las 15:00 y las 19:00 horas sonar\u00e1 la \u201cAlarma de premio\u201d en el M\u00f3dulo Central. Al escucharla, deber\u00e1s moverte hasta encontrar a las promotoras de Zona Franca y presentar tu boleta del d\u00eda con la din\u00e1mica del momento. Quienes la presenten recibir\u00e1n autom\u00e1ticamente un premio, como, por ejemplo, entradas a la pista de hielo, al cine o tickets para alguno de los restaurantes.<\/p>\n","protected":false},"excerpt":{"rendered":"<p>Este fin de semana la moda regresa a Zona Franca de Punta Arenas, con un nuevo desfile organizado en conjunto con la academia Catwalk Patagonia. La cita, contar\u00e1 con diversos&#8230; <a class=\"read-more\" href=\"https:\/\/www.radiopresidenteibanez.cl\/web\/la-moda-se-toma-zona-franca-de-punta-arenas-con-el-desfile-2023\/\">Leer m\u00e1s<\/a><\/p>\n","protected":false},"author":2,"featured_media":36967,"comment_status":"closed","ping_status":"closed","sticky":false,"template":"","format":"standard","meta":{"footnotes":""},"categories":[1],"tags":[],"class_list":["post-36966","post","type-post","status-publish","format-standard","has-post-thumbnail","hentry","category-cronica"],"_links":{"self":[{"href":"https:\/\/www.radiopresidenteibanez.cl\/web\/wp-json\/wp\/v2\/posts\/36966","targetHints":{"allow":["GET"]}}],"collection":[{"href":"https:\/\/www.radiopresidenteibanez.cl\/web\/wp-json\/wp\/v2\/posts"}],"about":[{"href":"https:\/\/www.radiopresidenteibanez.cl\/web\/wp-json\/wp\/v2\/types\/post"}],"author":[{"embeddable":true,"href":"https:\/\/www.radiopresidenteibanez.cl\/web\/wp-json\/wp\/v2\/users\/2"}],"replies":[{"embeddable":true,"href":"https:\/\/www.radiopresidenteibanez.cl\/web\/wp-json\/wp\/v2\/comments?post=36966"}],"version-history":[{"count":0,"href":"https:\/\/www.radiopresidenteibanez.cl\/web\/wp-json\/wp\/v2\/posts\/36966\/revisions"}],"wp:featuredmedia":[{"embeddable":true,"href":"https:\/\/www.radiopresidenteibanez.cl\/web\/wp-json\/wp\/v2\/media\/36967"}],"wp:attachment":[{"href":"https:\/\/www.radiopresidenteibanez.cl\/web\/wp-json\/wp\/v2\/media?parent=36966"}],"wp:term":[{"taxonomy":"category","embeddable":true,"href":"https:\/\/www.radiopresidenteibanez.cl\/web\/wp-json\/wp\/v2\/categories?post=36966"},{"taxonomy":"post_tag","embeddable":true,"href":"https:\/\/www.radiopresidenteibanez.cl\/web\/wp-json\/wp\/v2\/tags?post=36966"}],"curies":[{"name":"wp","href":"https:\/\/api.w.org\/{rel}","templated":true}]}}