{"id":36935,"date":"2023-01-27T17:43:00","date_gmt":"2023-01-27T20:43:00","guid":{"rendered":"https:\/\/www.radiopresidenteibanez.cl\/web\/?p=36935"},"modified":"2023-01-27T11:17:55","modified_gmt":"2023-01-27T14:17:55","slug":"edelmag-presenta-planes-de-mantenimiento-para-el-ano-2023","status":"publish","type":"post","link":"https:\/\/www.radiopresidenteibanez.cl\/web\/edelmag-presenta-planes-de-mantenimiento-para-el-ano-2023\/","title":{"rendered":"EDELMAG presenta planes de mantenimiento para el a\u00f1o 2023"},"content":{"rendered":"\n<p>Durante 2022 los niveles de calidad de servicio el\u00e9ctrico SAIDI en Magallanes fueron los<br>mejores del pa\u00eds, de acuerdo con la medici\u00f3n que realiza la autoridad, a trav\u00e9s del<br>Superintendencia de Electricidad y Combustibles. Este indicador corresponde al tiempo<br>promedio en que los clientes se encuentran sin energ\u00eda, que en el caso de nuestra regi\u00f3n<br>alcanz\u00f3 a 7,58 horas, mientras que el promedio nacional lleg\u00f3 a 15,35 horas.<br>Para 2023, EDELMAG destinar\u00e1 una inversi\u00f3n de 140 millones de pesos para ejecutar<br>planes de mantenimiento para mejorar la calidad del servicio el\u00e9ctrico que reciben los<br>clientes de Punta Arenas, Puerto Natales, Porvenir, Puerto Williams y Cerro Castillo,<br>buscando con ello mejorar los tiempos de indisponibilidad del servicio.<br>Lo anterior fue dado a conocer al equipo regional de SEC, encabezados por su Director<br>Regional y representantes del nivel central de la Superintendencia de Electricidad y<br>Combustibles.<br>\u201cEn Magallanes nos hemos caracterizado los \u00faltimos a\u00f1os por tener \u00edndices de calidad de<br>servicio sobre el promedio nacional, entregando a nuestros clientes un suministro estable<br>y seguro. Sin embargo, estamos apuntando a la mejora constante de esos indicadores,<br>para que todos nuestros clientes desarrollen sus actividades cotidianas y empresariales<br>con tranquilidad y confianza de que contar\u00e1n con una buena calidad de servicio el\u00e9ctrico\u201d,<br>se\u00f1al\u00f3 Juan Carlos W\u00fcrth, Gerente T\u00e9cnico de EDELMAG.<br>Para este 2023 los planes de mantenci\u00f3n de EDELMAG contemplan mantenimientos<br>preventivos y obras de inversi\u00f3n en las redes de distribuci\u00f3n, donde se revisar\u00e1n<br>estructuras y en los casos que se requiera cambiar los elementos da\u00f1ados; incorporando<br>equipamiento de seguridad y maniobras; as\u00ed como tambi\u00e9n la instalaci\u00f3n de equipos<br>automatizados, todo lo anterior para mejorar los tiempos de respuesta frente a<br>emergencias.<\/p>\n","protected":false},"excerpt":{"rendered":"<p>Durante 2022 los niveles de calidad de servicio el\u00e9ctrico SAIDI en Magallanes fueron losmejores del pa\u00eds, de acuerdo con la medici\u00f3n que realiza la autoridad, a trav\u00e9s delSuperintendencia de Electricidad&#8230; <a class=\"read-more\" href=\"https:\/\/www.radiopresidenteibanez.cl\/web\/edelmag-presenta-planes-de-mantenimiento-para-el-ano-2023\/\">Leer m\u00e1s<\/a><\/p>\n","protected":false},"author":2,"featured_media":36936,"comment_status":"closed","ping_status":"closed","sticky":false,"template":"","format":"standard","meta":{"footnotes":""},"categories":[1],"tags":[],"class_list":["post-36935","post","type-post","status-publish","format-standard","has-post-thumbnail","hentry","category-cronica"],"_links":{"self":[{"href":"https:\/\/www.radiopresidenteibanez.cl\/web\/wp-json\/wp\/v2\/posts\/36935","targetHints":{"allow":["GET"]}}],"collection":[{"href":"https:\/\/www.radiopresidenteibanez.cl\/web\/wp-json\/wp\/v2\/posts"}],"about":[{"href":"https:\/\/www.radiopresidenteibanez.cl\/web\/wp-json\/wp\/v2\/types\/post"}],"author":[{"embeddable":true,"href":"https:\/\/www.radiopresidenteibanez.cl\/web\/wp-json\/wp\/v2\/users\/2"}],"replies":[{"embeddable":true,"href":"https:\/\/www.radiopresidenteibanez.cl\/web\/wp-json\/wp\/v2\/comments?post=36935"}],"version-history":[{"count":0,"href":"https:\/\/www.radiopresidenteibanez.cl\/web\/wp-json\/wp\/v2\/posts\/36935\/revisions"}],"wp:featuredmedia":[{"embeddable":true,"href":"https:\/\/www.radiopresidenteibanez.cl\/web\/wp-json\/wp\/v2\/media\/36936"}],"wp:attachment":[{"href":"https:\/\/www.radiopresidenteibanez.cl\/web\/wp-json\/wp\/v2\/media?parent=36935"}],"wp:term":[{"taxonomy":"category","embeddable":true,"href":"https:\/\/www.radiopresidenteibanez.cl\/web\/wp-json\/wp\/v2\/categories?post=36935"},{"taxonomy":"post_tag","embeddable":true,"href":"https:\/\/www.radiopresidenteibanez.cl\/web\/wp-json\/wp\/v2\/tags?post=36935"}],"curies":[{"name":"wp","href":"https:\/\/api.w.org\/{rel}","templated":true}]}}