{"id":3693,"date":"2019-04-25T17:24:09","date_gmt":"2019-04-25T17:24:09","guid":{"rendered":"http:\/\/www.radiopresidenteibanez.cl\/web\/?p=3693"},"modified":"2019-04-25T17:24:23","modified_gmt":"2019-04-25T17:24:23","slug":"beatriz-smith-presento-su-renuncia-como-jefa-del-area-de-educacion-de-la-cormupa","status":"publish","type":"post","link":"https:\/\/www.radiopresidenteibanez.cl\/web\/beatriz-smith-presento-su-renuncia-como-jefa-del-area-de-educacion-de-la-cormupa\/","title":{"rendered":"BEATRIZ SMITH PRESENT\u00d3 SU RENUNCIA COMO JEFA DEL \u00c1REA DE EDUCACI\u00d3N DE LA CORMUPA"},"content":{"rendered":"\n<p>En horas de la tarde de ayer, se dio a conocer que Beatriz\nSmith, ahora otrora Jefa del \u00c1rea de Educaci\u00f3n de la Corporaci\u00f3n Municipal de\nPunta Arenas, hab\u00eda presentado su renuncia al alcalde de la comuna Claudio\nRadonich, la cual fue aceptada por el edil.<\/p>\n\n\n\n<p>Sin duda que el 2018 y comienzo del 2019 han sido a\u00f1os\ncomplicados para la Corporaci\u00f3n Municipal puntarenense debido al d\u00e9ficit de\ndineros que enfrente dicha instituci\u00f3n, as\u00ed tambi\u00e9n el paro de brazos ca\u00eddos\nque llevaron adelante los docentes y el estado de alerta que mantienen los\nasistentes de la educaci\u00f3n, por el no pago de cotizaciones, cr\u00e9ditos e incluso\nsueldos, ahora a todo esto se suma la salida de Smith.<\/p>\n\n\n\n<p>En este sentido el alcalde de Punta Arenas, Claudio Radonich,\ncoment\u00f3 que \u201cquiero darle las gracias a Beatriz por estos dos a\u00f1os que\ntrabajamos juntos, tomamos una corporaci\u00f3n da\u00f1ada por problemas de dineros, y\nlo hemos tratado de sanar con ayuda del concejo municipal y del ministerio de\neducaci\u00f3n, as\u00ed que ella realiz\u00f3 grandes labores\u201d.<\/p>\n\n\n\n<p>Agrego el alcalde que \u201cahora tenemos que buscar al\nreemplazante de Beatriz, para poder seguir con el trabajo que ella llev\u00f3\nadelante, y por sobre todo para entregarles una buena calidad de estudios a\nnuestros alumnos y alumnas que eso es lo que buscan los padres y apoderados al\nelegir los colegios municipales\u201d, finaliz\u00f3 Radonich.<\/p>\n\n\n\n<p>Finalmente, apenas se supo de la salida de Smith, se comenz\u00f3 a rumorear distintos nombres para el cargo de Jefe del \u00c1rea de Educaci\u00f3n de la Corporaci\u00f3n Municipal de Punta Arenas, entre ellos el de Cristian Reveco, quien se ha desempe\u00f1ado como docente en algunos establecimientos educacionales de la comuna, cabe mencionar que en los pr\u00f3ximos d\u00edas se deber\u00eda tener la persona quien reemplace a Beatriz Smith.<\/p>\n\n\n\n<figure class=\"wp-block-image\"><img loading=\"lazy\" decoding=\"async\" width=\"730\" height=\"420\" src=\"http:\/\/www.radiopresidenteibanez.cl\/web\/wp-content\/uploads\/2019\/02\/cormupa-730x420.jpg\" alt=\"\" class=\"wp-image-1620\" srcset=\"https:\/\/www.radiopresidenteibanez.cl\/web\/wp-content\/uploads\/2019\/02\/cormupa-730x420.jpg 730w, https:\/\/www.radiopresidenteibanez.cl\/web\/wp-content\/uploads\/2019\/02\/cormupa-730x420-300x173.jpg 300w\" sizes=\"auto, (max-width: 730px) 100vw, 730px\" \/><\/figure>\n","protected":false},"excerpt":{"rendered":"<p>En horas de la tarde de ayer, se dio a conocer que Beatriz Smith, ahora otrora Jefa del \u00c1rea de Educaci\u00f3n de la Corporaci\u00f3n Municipal de Punta Arenas, hab\u00eda presentado&#8230; <a class=\"read-more\" href=\"https:\/\/www.radiopresidenteibanez.cl\/web\/beatriz-smith-presento-su-renuncia-como-jefa-del-area-de-educacion-de-la-cormupa\/\">Leer m\u00e1s<\/a><\/p>\n","protected":false},"author":2,"featured_media":1620,"comment_status":"closed","ping_status":"closed","sticky":false,"template":"","format":"standard","meta":{"footnotes":""},"categories":[1],"tags":[],"class_list":["post-3693","post","type-post","status-publish","format-standard","has-post-thumbnail","hentry","category-cronica"],"_links":{"self":[{"href":"https:\/\/www.radiopresidenteibanez.cl\/web\/wp-json\/wp\/v2\/posts\/3693","targetHints":{"allow":["GET"]}}],"collection":[{"href":"https:\/\/www.radiopresidenteibanez.cl\/web\/wp-json\/wp\/v2\/posts"}],"about":[{"href":"https:\/\/www.radiopresidenteibanez.cl\/web\/wp-json\/wp\/v2\/types\/post"}],"author":[{"embeddable":true,"href":"https:\/\/www.radiopresidenteibanez.cl\/web\/wp-json\/wp\/v2\/users\/2"}],"replies":[{"embeddable":true,"href":"https:\/\/www.radiopresidenteibanez.cl\/web\/wp-json\/wp\/v2\/comments?post=3693"}],"version-history":[{"count":0,"href":"https:\/\/www.radiopresidenteibanez.cl\/web\/wp-json\/wp\/v2\/posts\/3693\/revisions"}],"wp:featuredmedia":[{"embeddable":true,"href":"https:\/\/www.radiopresidenteibanez.cl\/web\/wp-json\/wp\/v2\/media\/1620"}],"wp:attachment":[{"href":"https:\/\/www.radiopresidenteibanez.cl\/web\/wp-json\/wp\/v2\/media?parent=3693"}],"wp:term":[{"taxonomy":"category","embeddable":true,"href":"https:\/\/www.radiopresidenteibanez.cl\/web\/wp-json\/wp\/v2\/categories?post=3693"},{"taxonomy":"post_tag","embeddable":true,"href":"https:\/\/www.radiopresidenteibanez.cl\/web\/wp-json\/wp\/v2\/tags?post=3693"}],"curies":[{"name":"wp","href":"https:\/\/api.w.org\/{rel}","templated":true}]}}