{"id":36911,"date":"2023-01-27T10:42:00","date_gmt":"2023-01-27T13:42:00","guid":{"rendered":"https:\/\/www.radiopresidenteibanez.cl\/web\/?p=36911"},"modified":"2023-01-27T10:14:56","modified_gmt":"2023-01-27T13:14:56","slug":"impuesto-a-los-combustibles-modificacion-al-mepco-presentado-por-el-gobierno-y-aprobado-por-el-parlamento-una-muy-mala-ley-ya-que-no-asegura-que-tras-21-dias-no-vuelva-a-subir","status":"publish","type":"post","link":"https:\/\/www.radiopresidenteibanez.cl\/web\/impuesto-a-los-combustibles-modificacion-al-mepco-presentado-por-el-gobierno-y-aprobado-por-el-parlamento-una-muy-mala-ley-ya-que-no-asegura-que-tras-21-dias-no-vuelva-a-subir\/","title":{"rendered":"Impuesto a los combustibles: \u201cModificaci\u00f3n al Mepco presentado por el gobierno y aprobado por el parlamento, una muy mala ley ya que no asegura que tras 21 dias no vuelva a subir\u00bb"},"content":{"rendered":"\n<p>As\u00ed lo manifest\u00f3 el ex dirigente de los petroleros, Alejandro Avenda\u00f1o Gallardo, quien<br>se\u00f1alo: que la ciudadan\u00eda no celebre esta mala ley de modificaci\u00f3n al Mepco, hoy<br>vemos una baja de $21,3 en las gasolinas de 93 octanos y $28,2 en las gasolinas 97<br>octanos y que se mantendr\u00e1 por 21 d\u00edas sin alza, pero nada asegura que pasado los 21<br>d\u00edas se anuncie una alza de $30 o m\u00e1s, ya que estas variaciones seguir\u00e1n dependiendo<br>de lo que ocurra con el valor del barril del petr\u00f3leo internacional o alg\u00fan nuevo<br>conflicto aparte del que aun continua como lo es Rusia, Ucrania.<br>El ministro Marcel hab\u00eda anunciado p\u00fablicamente que, a partir de la ley modificada,<br>esta semana la gasolina 93 octanos bajar\u00eda $36 por litro lo que no fue as\u00ed, justamente<br>porque el barril de petr\u00f3leo tuvo un alza internacionalmente.<br>El gobierno y los parlamentarios deben entender que la soluci\u00f3n y verdadero alivio<br>seria eliminar el impuesto espec\u00edfico, este injusto impuesto representa un aumento en<br>nuestra boleta 50% m\u00e1s el Iva.<br>Por otra parte, en este nuevo mecanismo al Mepco, ni se toca en una modificaci\u00f3n<br>para las grandes empresas, navieras, l\u00edneas a\u00e9reas, forestales y mineras eso no se<br>toca al contrario los siguen protegiendo y siguen exentos de pagar este impuesto, pero<br>para el 20% de la ciudadan\u00eda que somos quienes si lo pagamos lo congelan por 21 dias<br>y no se asegura que pasado ese plazo suba en un valor considerable.<br>Mientras tanto la iniciativa presentada por un grupo de diputados y presentado por el<br>H. Diputado Miguel Calisto Aguila y el apoyo de otros cinco diputados que presentaron<br>esta indicaci\u00f3n, y tenga el respaldado este proyecto por el actual gobierno y que el<br>presidente Boric muy bien conoce la problem\u00e1tica que el tema de los combustibles<br>afecta fuertemente a la ciudadan\u00eda de estas zonas extremas.<br>Dado que tanto la conectividad como la geograf\u00eda de las zonas extremas deben tener<br>una mirada distinta al resto de las regiones considerando s\u00ed que este impuesto es lo<br>m\u00e1s injusto y perjudicial para todo el pa\u00eds, pero me parece que se debe partir por las<br>regiones que hoy est\u00e1n siendo m\u00e1s fuertemente golpeadas por los valores de los<br>combustibles y considerar una rebaja gradual para el resto de las regiones, finalizo<br>se\u00f1alando Avenda\u00f1o.<\/p>\n","protected":false},"excerpt":{"rendered":"<p>As\u00ed lo manifest\u00f3 el ex dirigente de los petroleros, Alejandro Avenda\u00f1o Gallardo, quiense\u00f1alo: que la ciudadan\u00eda no celebre esta mala ley de modificaci\u00f3n al Mepco, hoyvemos una baja de $21,3&#8230; <a class=\"read-more\" href=\"https:\/\/www.radiopresidenteibanez.cl\/web\/impuesto-a-los-combustibles-modificacion-al-mepco-presentado-por-el-gobierno-y-aprobado-por-el-parlamento-una-muy-mala-ley-ya-que-no-asegura-que-tras-21-dias-no-vuelva-a-subir\/\">Leer m\u00e1s<\/a><\/p>\n","protected":false},"author":2,"featured_media":36912,"comment_status":"closed","ping_status":"closed","sticky":false,"template":"","format":"standard","meta":{"footnotes":""},"categories":[1],"tags":[],"class_list":["post-36911","post","type-post","status-publish","format-standard","has-post-thumbnail","hentry","category-cronica"],"_links":{"self":[{"href":"https:\/\/www.radiopresidenteibanez.cl\/web\/wp-json\/wp\/v2\/posts\/36911","targetHints":{"allow":["GET"]}}],"collection":[{"href":"https:\/\/www.radiopresidenteibanez.cl\/web\/wp-json\/wp\/v2\/posts"}],"about":[{"href":"https:\/\/www.radiopresidenteibanez.cl\/web\/wp-json\/wp\/v2\/types\/post"}],"author":[{"embeddable":true,"href":"https:\/\/www.radiopresidenteibanez.cl\/web\/wp-json\/wp\/v2\/users\/2"}],"replies":[{"embeddable":true,"href":"https:\/\/www.radiopresidenteibanez.cl\/web\/wp-json\/wp\/v2\/comments?post=36911"}],"version-history":[{"count":0,"href":"https:\/\/www.radiopresidenteibanez.cl\/web\/wp-json\/wp\/v2\/posts\/36911\/revisions"}],"wp:featuredmedia":[{"embeddable":true,"href":"https:\/\/www.radiopresidenteibanez.cl\/web\/wp-json\/wp\/v2\/media\/36912"}],"wp:attachment":[{"href":"https:\/\/www.radiopresidenteibanez.cl\/web\/wp-json\/wp\/v2\/media?parent=36911"}],"wp:term":[{"taxonomy":"category","embeddable":true,"href":"https:\/\/www.radiopresidenteibanez.cl\/web\/wp-json\/wp\/v2\/categories?post=36911"},{"taxonomy":"post_tag","embeddable":true,"href":"https:\/\/www.radiopresidenteibanez.cl\/web\/wp-json\/wp\/v2\/tags?post=36911"}],"curies":[{"name":"wp","href":"https:\/\/api.w.org\/{rel}","templated":true}]}}