{"id":3689,"date":"2019-04-25T17:17:10","date_gmt":"2019-04-25T17:17:10","guid":{"rendered":"http:\/\/www.radiopresidenteibanez.cl\/web\/?p=3689"},"modified":"2019-04-25T17:17:34","modified_gmt":"2019-04-25T17:17:34","slug":"15-por-ciento-de-avance-presenta-construccion-de-muros-de-contencion-en-rio-las-minas","status":"publish","type":"post","link":"https:\/\/www.radiopresidenteibanez.cl\/web\/15-por-ciento-de-avance-presenta-construccion-de-muros-de-contencion-en-rio-las-minas\/","title":{"rendered":"15 POR CIENTO DE AVANCE PRESENTA CONSTRUCCI\u00d3N DE MUROS DE CONTENCI\u00d3N EN R\u00cdO LAS MINAS"},"content":{"rendered":"\n<p>Una visita inspectiva a las obras de conservaci\u00f3n de riberas con muros\nde contenci\u00f3n en el R\u00edo las Minas, realizaron este martes el Director Nacional\nde Obras Hidr\u00e1ulicas del Ministerio de Obras P\u00fablicas, Claudio Darrigrandi, el\nIntendente Jos\u00e9 Fern\u00e1ndez y el Seremi Pablo Rendoll.<\/p>\n\n\n\n<p>La iniciativa presenta un 15 por ciento de avance y corresponde al \u00faltimo tramo de muros de hormig\u00f3n,\nequivalente a cerca de 520 metros lineales en el sector sur del afluente.<\/p>\n\n\n\n<p>Se trata de\nun proyecto que se licit\u00f3 conjuntamente con la primera etapa de las obras de\ncontrol sedimentol\u00f3gico, correspondientes a 80 metros de radier de hormig\u00f3n\narmado de 40 cm de espesor. <\/p>\n\n\n\n<p>Con la\nconstrucci\u00f3n de la primera obra de control sedimentol\u00f3gico se marcar\u00e1 un hito a\nnivel nacional por la envergadura y tipo de la obra urbana. Adem\u00e1s permitir\u00e1 no\nsolo contar con seguridad de crecidas ante inundaciones, sino tambi\u00e9n contra\ncrecidas con masivo arrastre de sedimentos, como los que generaron el desborde\ndel R\u00edo Las Minas en 2012.<\/p>\n\n\n\n<p>\u201cSentimos\nque \u00e9sta es pr\u00e1cticamente una soluci\u00f3n definitiva para la regi\u00f3n. Esto parti\u00f3\nen 2012 y estamos en la sexta y s\u00e9ptima etapas de los muros de hormig\u00f3n que van\nde 4 a 7 metros, que son soluciones definitivas. El a\u00f1o 2023 terminamos con los\nestudios sedimentol\u00f3gicos que van a permitir finalmente tener este proyecto,\npero hoy la poblaci\u00f3n debe sentirse segura, es un avance importante. S\u00e9 que en\nabril hubo eventos de alrededor de los 40 mil\u00edmetros, y hubo un comportamiento\nestupendo, as\u00ed que estamos muy contentos con este avance. El concepto hoy es\nque con esta obra la poblaci\u00f3n puede sentirse segura y estamos controlando un\nproblema que era permanente\u201d, destac\u00f3 el Director Nacional de Obras\nHidr\u00e1ulicas.<\/p>\n\n\n\n<p>Por su\nparte, el intendente Jos\u00e9 Fern\u00e1ndez remarc\u00f3 que esta obra se suma a las\ndiferentes iniciativas que se est\u00e1n ejecutando en el marco del Mejoramiento\nIntegral del R\u00edo Las Minas. <\/p>\n\n\n\n<p>\u201cSe han\ncambiado tres puentes, se ha ido trabajando en otro, y lo que conseguimos con\nesto es darle mayor seguridad a la ciudadan\u00eda, en la eventualidad de que en un\nevento de crecida del r\u00edo no vayamos a tener ning\u00fan problema\u201d, dijo la m\u00e1xima\nautoridad regional.<\/p>\n\n\n\n<p>Finalmente, el Seremi Pablo Rendoll consign\u00f3 que \u201cestamos construyendo una infraestructura que brindar\u00e1 seguridad ante inundaciones, controlando las crecidas del cauce y protegiendo a la comunidad, tal como comprometi\u00f3 el Presidente Sebasti\u00e1n Pi\u00f1era\u201d.<\/p>\n\n\n\n<figure class=\"wp-block-image\"><img loading=\"lazy\" decoding=\"async\" width=\"900\" height=\"600\" src=\"https:\/\/www.radiopresidenteibanez.cl\/web\/wp-content\/uploads\/2019\/04\/IMG_8606.jpg\" alt=\"\" class=\"wp-image-3690\" srcset=\"https:\/\/www.radiopresidenteibanez.cl\/web\/wp-content\/uploads\/2019\/04\/IMG_8606.jpg 900w, https:\/\/www.radiopresidenteibanez.cl\/web\/wp-content\/uploads\/2019\/04\/IMG_8606-300x200.jpg 300w, https:\/\/www.radiopresidenteibanez.cl\/web\/wp-content\/uploads\/2019\/04\/IMG_8606-768x512.jpg 768w\" sizes=\"auto, (max-width: 900px) 100vw, 900px\" \/><\/figure>\n","protected":false},"excerpt":{"rendered":"<p>Una visita inspectiva a las obras de conservaci\u00f3n de riberas con muros de contenci\u00f3n en el R\u00edo las Minas, realizaron este martes el Director Nacional de Obras Hidr\u00e1ulicas del Ministerio&#8230; <a class=\"read-more\" href=\"https:\/\/www.radiopresidenteibanez.cl\/web\/15-por-ciento-de-avance-presenta-construccion-de-muros-de-contencion-en-rio-las-minas\/\">Leer m\u00e1s<\/a><\/p>\n","protected":false},"author":2,"featured_media":3690,"comment_status":"closed","ping_status":"closed","sticky":false,"template":"","format":"standard","meta":{"footnotes":""},"categories":[1],"tags":[],"class_list":["post-3689","post","type-post","status-publish","format-standard","has-post-thumbnail","hentry","category-cronica"],"_links":{"self":[{"href":"https:\/\/www.radiopresidenteibanez.cl\/web\/wp-json\/wp\/v2\/posts\/3689","targetHints":{"allow":["GET"]}}],"collection":[{"href":"https:\/\/www.radiopresidenteibanez.cl\/web\/wp-json\/wp\/v2\/posts"}],"about":[{"href":"https:\/\/www.radiopresidenteibanez.cl\/web\/wp-json\/wp\/v2\/types\/post"}],"author":[{"embeddable":true,"href":"https:\/\/www.radiopresidenteibanez.cl\/web\/wp-json\/wp\/v2\/users\/2"}],"replies":[{"embeddable":true,"href":"https:\/\/www.radiopresidenteibanez.cl\/web\/wp-json\/wp\/v2\/comments?post=3689"}],"version-history":[{"count":0,"href":"https:\/\/www.radiopresidenteibanez.cl\/web\/wp-json\/wp\/v2\/posts\/3689\/revisions"}],"wp:featuredmedia":[{"embeddable":true,"href":"https:\/\/www.radiopresidenteibanez.cl\/web\/wp-json\/wp\/v2\/media\/3690"}],"wp:attachment":[{"href":"https:\/\/www.radiopresidenteibanez.cl\/web\/wp-json\/wp\/v2\/media?parent=3689"}],"wp:term":[{"taxonomy":"category","embeddable":true,"href":"https:\/\/www.radiopresidenteibanez.cl\/web\/wp-json\/wp\/v2\/categories?post=3689"},{"taxonomy":"post_tag","embeddable":true,"href":"https:\/\/www.radiopresidenteibanez.cl\/web\/wp-json\/wp\/v2\/tags?post=3689"}],"curies":[{"name":"wp","href":"https:\/\/api.w.org\/{rel}","templated":true}]}}