{"id":36871,"date":"2023-01-25T17:58:00","date_gmt":"2023-01-25T20:58:00","guid":{"rendered":"https:\/\/www.radiopresidenteibanez.cl\/web\/?p=36871"},"modified":"2023-01-25T10:26:01","modified_gmt":"2023-01-25T13:26:01","slug":"consejero-regional-se-suma-a-trabajo-para-potenciar-la-educacion-publica-en-la-region","status":"publish","type":"post","link":"https:\/\/www.radiopresidenteibanez.cl\/web\/consejero-regional-se-suma-a-trabajo-para-potenciar-la-educacion-publica-en-la-region\/","title":{"rendered":"<strong>CONSEJERO REGIONAL SE SUMA A TRABAJO PARA POTENCIAR LA EDUCACI\u00d3N P\u00daBLICA EN LA REGI\u00d3N\u00a0<\/strong>"},"content":{"rendered":"\n<p>En pleno proceso de revisi\u00f3n y planificaci\u00f3n del presupuesto 2024 se encuentra el Servicio Local de Educaci\u00f3n P\u00fablica de Magallanes, tiempo en que adem\u00e1s se est\u00e1n revisando procesos administrativos, previo a lo que ser\u00e1 el traspaso del servicio educativo, programado para el 1 de enero de 2024.&nbsp;<\/p>\n\n\n\n<p>Para actualizar la informaci\u00f3n sobre estos procesos y sus implicancias, profesionales del SLEP Magallanes liderados por Jorge Vald\u00e9s, director ejecutivo (S), entregaron detalles del avance en la instalaci\u00f3n del Servicio al consejero regional Pablo Cifuentes, informando de lo que se ha realizado en materia de revisi\u00f3n de informaci\u00f3n por parte de los actuales sostenedores municipales.&nbsp;<\/p>\n\n\n\n<p>\u201cComo consejero regional es una preocupaci\u00f3n poder conocer el estado de avance del proceso de instalaci\u00f3n del Servicio Local de Educaci\u00f3n P\u00fablica de Magallanes, y sobre todo saber cu\u00e1les son sus desaf\u00edos o metas para el despliegue territorial de este a\u00f1o; desde el Gore y las instancias p\u00fablicas podemos contribuir al correcto proceso de instalaci\u00f3n con recursos y gestiones\u201d, dijo Pablo Cifuentes.&nbsp;&nbsp;<\/p>\n\n\n\n<p>Por su parte, Jorge Vald\u00e9s, director ejecutivo (S) del SLEP Magallanes, quien adem\u00e1s es el subdirector de Planificaci\u00f3n, valor\u00f3 la oportunidad de contar con el apoyo del consejero regional, especialmente en la oportunidad de visualizar convenios con el CORE Magallanes.&nbsp;&nbsp;<\/p>\n\n\n\n<p>\u201cEs importante tener apoyo en \u00e1mbitos espec\u00edficos como proyectos de mejoramiento de infraestructura, v\u00eda convenios de programaci\u00f3n, y potenciar la innovaci\u00f3n pedag\u00f3gica a trav\u00e9s de programas para el aula, mediante una cartera de recursos que permita consolidar proyectos de mayor envergadura y en temas espec\u00edficos\u201d, dijo Jorge Vald\u00e9s.&nbsp;<\/p>\n\n\n\n<p><br>Ambas partes acordaron trabajar en conjunto en desarrollar un trabajo m\u00e1s all\u00e1 de lo propiamente presupuestario para instalar a la educaci\u00f3n p\u00fablica al interior del Consejo Regional, buscando que este an\u00e1lisis redunde en un compromiso de la regi\u00f3n por desarrollar una mirada com\u00fan respecto al mejoramiento pedag\u00f3gico.&nbsp;<\/p>\n\n\n\n<p>\u201cSabemos que el proceso de instalaci\u00f3n va a ser un asunto de largo aliento y con muchas complejidades y, por lo tanto, desde el Gore debemos ser proactivos en acompa\u00f1ar este tiempo de instalaci\u00f3n y poder brindar el soporte necesario para que la instalaci\u00f3n sea lo m\u00e1s sencilla posible\u201d, agreg\u00f3 el consejero regional<\/p>\n","protected":false},"excerpt":{"rendered":"<p>En pleno proceso de revisi\u00f3n y planificaci\u00f3n del presupuesto 2024 se encuentra el Servicio Local de Educaci\u00f3n P\u00fablica de Magallanes, tiempo en que adem\u00e1s se est\u00e1n revisando procesos administrativos, previo&#8230; <a class=\"read-more\" href=\"https:\/\/www.radiopresidenteibanez.cl\/web\/consejero-regional-se-suma-a-trabajo-para-potenciar-la-educacion-publica-en-la-region\/\">Leer m\u00e1s<\/a><\/p>\n","protected":false},"author":2,"featured_media":36872,"comment_status":"closed","ping_status":"closed","sticky":false,"template":"","format":"standard","meta":{"footnotes":""},"categories":[1],"tags":[],"class_list":["post-36871","post","type-post","status-publish","format-standard","has-post-thumbnail","hentry","category-cronica"],"_links":{"self":[{"href":"https:\/\/www.radiopresidenteibanez.cl\/web\/wp-json\/wp\/v2\/posts\/36871","targetHints":{"allow":["GET"]}}],"collection":[{"href":"https:\/\/www.radiopresidenteibanez.cl\/web\/wp-json\/wp\/v2\/posts"}],"about":[{"href":"https:\/\/www.radiopresidenteibanez.cl\/web\/wp-json\/wp\/v2\/types\/post"}],"author":[{"embeddable":true,"href":"https:\/\/www.radiopresidenteibanez.cl\/web\/wp-json\/wp\/v2\/users\/2"}],"replies":[{"embeddable":true,"href":"https:\/\/www.radiopresidenteibanez.cl\/web\/wp-json\/wp\/v2\/comments?post=36871"}],"version-history":[{"count":0,"href":"https:\/\/www.radiopresidenteibanez.cl\/web\/wp-json\/wp\/v2\/posts\/36871\/revisions"}],"wp:featuredmedia":[{"embeddable":true,"href":"https:\/\/www.radiopresidenteibanez.cl\/web\/wp-json\/wp\/v2\/media\/36872"}],"wp:attachment":[{"href":"https:\/\/www.radiopresidenteibanez.cl\/web\/wp-json\/wp\/v2\/media?parent=36871"}],"wp:term":[{"taxonomy":"category","embeddable":true,"href":"https:\/\/www.radiopresidenteibanez.cl\/web\/wp-json\/wp\/v2\/categories?post=36871"},{"taxonomy":"post_tag","embeddable":true,"href":"https:\/\/www.radiopresidenteibanez.cl\/web\/wp-json\/wp\/v2\/tags?post=36871"}],"curies":[{"name":"wp","href":"https:\/\/api.w.org\/{rel}","templated":true}]}}